{"id":8565,"date":"2025-10-09T18:00:31","date_gmt":"2025-10-09T16:00:31","guid":{"rendered":"https:\/\/sanchezalcaraz.com\/?p=8565"},"modified":"2025-10-10T11:23:21","modified_gmt":"2025-10-10T09:23:21","slug":"jamon-saludable","status":"publish","type":"post","link":"https:\/\/sanchezalcaraz.com\/en\/jamon-saludable\/","title":{"rendered":"\u00bfQu\u00e9 jam\u00f3n es el m\u00e1s saludable? Gu\u00eda completa 2025"},"content":{"rendered":"<h2><img loading=\"lazy\" decoding=\"async\" class=\"alignnone size-full wp-image-8566\" src=\"https:\/\/sanchezalcaraz.com\/wp-content\/uploads\/2025\/10\/SALUD-JAMON-IBERICO-ES-SANO.webp\" alt=\"\" width=\"1024\" height=\"684\" srcset=\"https:\/\/sanchezalcaraz.com\/wp-content\/uploads\/2025\/10\/SALUD-JAMON-IBERICO-ES-SANO.webp 1024w, https:\/\/sanchezalcaraz.com\/wp-content\/uploads\/2025\/10\/SALUD-JAMON-IBERICO-ES-SANO-768x513.webp 768w, https:\/\/sanchezalcaraz.com\/wp-content\/uploads\/2025\/10\/SALUD-JAMON-IBERICO-ES-SANO-18x12.webp 18w, https:\/\/sanchezalcaraz.com\/wp-content\/uploads\/2025\/10\/SALUD-JAMON-IBERICO-ES-SANO-700x468.webp 700w, https:\/\/sanchezalcaraz.com\/wp-content\/uploads\/2025\/10\/SALUD-JAMON-IBERICO-ES-SANO-960x641.webp 960w, https:\/\/sanchezalcaraz.com\/wp-content\/uploads\/2025\/10\/SALUD-JAMON-IBERICO-ES-SANO-800x534.webp 800w\" sizes=\"auto, (max-width: 1024px) 100vw, 1024px\" \/><\/h2>\n<p><span style=\"font-weight: 400;\">Si alguna vez te has preguntado qu\u00e9 jam\u00f3n es el m\u00e1s saludable, no eres el \u00fanico. Este alimento forma parte de la dieta mediterr\u00e1nea y es un cl\u00e1sico en nuestra gastronom\u00eda, pero tambi\u00e9n despierta dudas: \u00bfhay diferencias entre un jam\u00f3n ib\u00e9rico saludable y un jam\u00f3n serrano saludable?, \u00bfqu\u00e9 jam\u00f3n tiene menos sal o menos grasa?, \u00bfrealmente puede aportar beneficios a tu salud?<\/span><\/p>\n<p><span style=\"font-weight: 400;\">En este art\u00edculo vamos a resolver todas esas preguntas. Descubrir\u00e1s qu\u00e9 dicen los estudios, qu\u00e9 factores influyen en que un jam\u00f3n sea m\u00e1s saludable que otro y c\u00f3mo elegir la mejor opci\u00f3n sin renunciar al sabor.<\/span><\/p>\n<h2><b>Jam\u00f3n ib\u00e9rico vs jam\u00f3n serrano: la clave de la salud est\u00e1 en la grasa<\/b><\/h2>\n<p><span style=\"font-weight: 400;\">La primera comparaci\u00f3n que surge es evidente: jam\u00f3n ib\u00e9rico o jam\u00f3n serrano. Aunque ambos proceden del cerdo, no son iguales ni en raza ni en alimentaci\u00f3n:<\/span><\/p>\n<ul>\n<li style=\"font-weight: 400;\" aria-level=\"1\"><span style=\"font-weight: 400;\">Jam\u00f3n ib\u00e9rico: proviene de cerdos ib\u00e9ricos (m\u00ednimo 50 % de pureza). Cuando hablamos de ib\u00e9rico de bellota, su dieta natural de bellotas y pastos durante la montanera transforma su grasa en un alimento rico en \u00e1cido oleico, el mismo que encontramos en el aceite de oliva virgen extra.<\/span><\/li>\n<li style=\"font-weight: 400;\" aria-level=\"1\"><span style=\"font-weight: 400;\">Jam\u00f3n serrano: procede de cerdos blancos alimentados principalmente con piensos. Su perfil graso es distinto, con menos \u00e1cido oleico y mayor proporci\u00f3n de grasas saturadas.<\/span><\/li>\n<\/ul>\n<h2><img loading=\"lazy\" decoding=\"async\" class=\"alignnone size-medium wp-image-8568\" src=\"https:\/\/sanchezalcaraz.com\/wp-content\/uploads\/2025\/10\/SALUD-JAMON-IBERICO-ES-SANO-3.webp\" alt=\"\" width=\"1024\" height=\"684\" srcset=\"https:\/\/sanchezalcaraz.com\/wp-content\/uploads\/2025\/10\/SALUD-JAMON-IBERICO-ES-SANO-3.webp 1024w, https:\/\/sanchezalcaraz.com\/wp-content\/uploads\/2025\/10\/SALUD-JAMON-IBERICO-ES-SANO-3-768x513.webp 768w, https:\/\/sanchezalcaraz.com\/wp-content\/uploads\/2025\/10\/SALUD-JAMON-IBERICO-ES-SANO-3-18x12.webp 18w, https:\/\/sanchezalcaraz.com\/wp-content\/uploads\/2025\/10\/SALUD-JAMON-IBERICO-ES-SANO-3-700x468.webp 700w, https:\/\/sanchezalcaraz.com\/wp-content\/uploads\/2025\/10\/SALUD-JAMON-IBERICO-ES-SANO-3-960x641.webp 960w, https:\/\/sanchezalcaraz.com\/wp-content\/uploads\/2025\/10\/SALUD-JAMON-IBERICO-ES-SANO-3-800x534.webp 800w\" sizes=\"auto, (max-width: 1024px) 100vw, 1024px\" \/><\/h2>\n<p><span style=\"font-weight: 400;\">El resultado es claro: el jam\u00f3n ib\u00e9rico de bellota puede alcanzar hasta un 55 % de \u00e1cido oleico, lo que ayuda a reducir el colesterol LDL (malo) y aumentar el HDL (bueno). Por eso se considera el jam\u00f3n m\u00e1s saludable para el coraz\u00f3n.<\/span><\/p>\n<h2><\/h2>\n<h2><b>Beneficios del jam\u00f3n para la salud<\/b><\/h2>\n<p><span style=\"font-weight: 400;\">M\u00e1s all\u00e1 de las grasas, el jam\u00f3n aporta nutrientes interesantes que lo convierten en un alimento equilibrado dentro de una dieta moderada:<\/span><\/p>\n<ul>\n<li style=\"font-weight: 400;\" aria-level=\"1\"><span style=\"font-weight: 400;\">Prote\u00ednas de calidad: necesarias para regenerar tejidos y mantener la masa muscular.<\/span><\/li>\n<li style=\"font-weight: 400;\" aria-level=\"1\"><span style=\"font-weight: 400;\">Grasas saludables: sobre todo en el ib\u00e9rico de bellota, con predominio de \u00e1cido oleico.<\/span><\/li>\n<li style=\"font-weight: 400;\" aria-level=\"1\"><span style=\"font-weight: 400;\">Vitaminas del grupo B (B1, B6, B12): claves para el metabolismo energ\u00e9tico y el sistema nervioso.<\/span><\/li>\n<li style=\"font-weight: 400;\" aria-level=\"1\"><span style=\"font-weight: 400;\">Minerales como hierro, zinc y f\u00f3sforo: fundamentales para la sangre, la inmunidad y los huesos.<\/span><\/li>\n<\/ul>\n<p><span style=\"font-weight: 400;\">Integrado de forma moderada, el jam\u00f3n es un alimento nutritivo y compatible con un estilo de vida saludable.<\/span><\/p>\n<h2><\/h2>\n<h2><b>\u00bfC\u00f3mo elegir un jam\u00f3n bajo en sal y grasa?<\/b><\/h2>\n<p><span style=\"font-weight: 400;\">La sal es un punto cr\u00edtico: necesaria en la curaci\u00f3n, pero peligrosa en exceso, especialmente para personas con hipertensi\u00f3n. Para acertar al elegir un jam\u00f3n bajo en grasa o con menos sal, conviene tener en cuenta:<\/span><\/p>\n<ul>\n<li style=\"font-weight: 400;\" aria-level=\"1\"><span style=\"font-weight: 400;\">Preferir ib\u00e9rico de bellota: aporta mejor perfil graso y su sabor intenso permite consumir menos cantidad.<\/span><\/li>\n<li style=\"font-weight: 400;\" aria-level=\"1\"><span style=\"font-weight: 400;\">Revisar etiquetas: algunos productores utilizan t\u00e9cnicas de curado con menos sal, lo que reduce el sodio final.<\/span><\/li>\n<li style=\"font-weight: 400;\" aria-level=\"1\"><span style=\"font-weight: 400;\">Moderaci\u00f3n ante todo: unas lonchas son suficientes para disfrutarlo sin sobrepasar los l\u00edmites saludables.<\/span><\/li>\n<\/ul>\n<h2><img loading=\"lazy\" decoding=\"async\" class=\"alignnone size-medium wp-image-8567\" src=\"https:\/\/sanchezalcaraz.com\/wp-content\/uploads\/2025\/10\/SALUD-JAMON-IBERICO-ES-SANO-2.webp\" alt=\"\" width=\"1024\" height=\"684\" srcset=\"https:\/\/sanchezalcaraz.com\/wp-content\/uploads\/2025\/10\/SALUD-JAMON-IBERICO-ES-SANO-2.webp 1024w, https:\/\/sanchezalcaraz.com\/wp-content\/uploads\/2025\/10\/SALUD-JAMON-IBERICO-ES-SANO-2-768x513.webp 768w, https:\/\/sanchezalcaraz.com\/wp-content\/uploads\/2025\/10\/SALUD-JAMON-IBERICO-ES-SANO-2-18x12.webp 18w, https:\/\/sanchezalcaraz.com\/wp-content\/uploads\/2025\/10\/SALUD-JAMON-IBERICO-ES-SANO-2-700x468.webp 700w, https:\/\/sanchezalcaraz.com\/wp-content\/uploads\/2025\/10\/SALUD-JAMON-IBERICO-ES-SANO-2-960x641.webp 960w, https:\/\/sanchezalcaraz.com\/wp-content\/uploads\/2025\/10\/SALUD-JAMON-IBERICO-ES-SANO-2-800x534.webp 800w\" sizes=\"auto, (max-width: 1024px) 100vw, 1024px\" \/><\/h2>\n<h2><b>Jam\u00f3n saludable: beneficios en consumo moderado<\/b><\/h2>\n<p><span style=\"font-weight: 400;\">Tomado en su justa medida, el jam\u00f3n aporta ventajas reales a tu salud:<\/span><\/p>\n<ul>\n<li style=\"font-weight: 400;\" aria-level=\"1\"><span style=\"font-weight: 400;\">Protege la salud cardiovascular gracias al \u00e1cido oleico.<\/span><\/li>\n<li style=\"font-weight: 400;\" aria-level=\"1\"><span style=\"font-weight: 400;\">Genera saciedad, lo que ayuda a controlar el apetito.<\/span><\/li>\n<li style=\"font-weight: 400;\" aria-level=\"1\"><span style=\"font-weight: 400;\">Favorece el sistema nervioso y el cerebro gracias a sus vitaminas.<\/span><\/li>\n<li style=\"font-weight: 400;\" aria-level=\"1\"><span style=\"font-weight: 400;\">Encaja en la dieta mediterr\u00e1nea, uno de los patrones de alimentaci\u00f3n m\u00e1s equilibrados del mundo.<\/span><\/li>\n<\/ul>\n<h2><b>Mitos comunes sobre el jam\u00f3n saludable<\/b><\/h2>\n<p><span style=\"font-weight: 400;\">Al hablar de jam\u00f3n, no todo lo que circula es cierto:<\/span><\/p>\n<ul>\n<li style=\"font-weight: 400;\" aria-level=\"1\"><span style=\"font-weight: 400;\">No todos los jamones son iguales: un ib\u00e9rico de bellota no es comparable nutricionalmente con un serrano o con el jam\u00f3n cocido (york).<\/span><\/li>\n<li style=\"font-weight: 400;\" aria-level=\"1\"><span style=\"font-weight: 400;\">M\u00e1s curaci\u00f3n no siempre significa m\u00e1s salud: lo que aumenta es la intensidad del sabor.<\/span><\/li>\n<li style=\"font-weight: 400;\" aria-level=\"1\"><span style=\"font-weight: 400;\">Las versiones \u201clight\u201d no garantizan calidad: lo importante es la composici\u00f3n de la grasa, no solo la cantidad.<\/span><\/li>\n<\/ul>\n<h2><b>Entonces\u2026 \u00bfqu\u00e9 jam\u00f3n es el m\u00e1s saludable?<\/b><\/h2>\n<p><span style=\"font-weight: 400;\">La conclusi\u00f3n es clara: el jam\u00f3n ib\u00e9rico de bellota es la opci\u00f3n m\u00e1s saludable. Su alto contenido en \u00e1cido oleico, junto con prote\u00ednas, vitaminas y minerales, lo convierten en un alimento que, consumido con moderaci\u00f3n, puede ser un verdadero aliado de la dieta.<\/span><\/p>\n<h2><img loading=\"lazy\" decoding=\"async\" class=\"alignnone size-medium wp-image-8569\" src=\"https:\/\/sanchezalcaraz.com\/wp-content\/uploads\/2025\/10\/SALUD-JAMON-IBERICO-ES-SANO-6.webp\" alt=\"\" width=\"1024\" height=\"684\" srcset=\"https:\/\/sanchezalcaraz.com\/wp-content\/uploads\/2025\/10\/SALUD-JAMON-IBERICO-ES-SANO-6.webp 1024w, https:\/\/sanchezalcaraz.com\/wp-content\/uploads\/2025\/10\/SALUD-JAMON-IBERICO-ES-SANO-6-768x513.webp 768w, https:\/\/sanchezalcaraz.com\/wp-content\/uploads\/2025\/10\/SALUD-JAMON-IBERICO-ES-SANO-6-18x12.webp 18w, https:\/\/sanchezalcaraz.com\/wp-content\/uploads\/2025\/10\/SALUD-JAMON-IBERICO-ES-SANO-6-700x468.webp 700w, https:\/\/sanchezalcaraz.com\/wp-content\/uploads\/2025\/10\/SALUD-JAMON-IBERICO-ES-SANO-6-960x641.webp 960w, https:\/\/sanchezalcaraz.com\/wp-content\/uploads\/2025\/10\/SALUD-JAMON-IBERICO-ES-SANO-6-800x534.webp 800w\" sizes=\"auto, (max-width: 1024px) 100vw, 1024px\" \/><\/h2>\n<p><span style=\"font-weight: 400;\">El jam\u00f3n no solo es un placer gastron\u00f3mico, tambi\u00e9n puede ser un jam\u00f3n saludable dentro de una dieta equilibrada. Su aporte de prote\u00ednas, grasas beneficiosas, vitaminas y minerales lo hacen \u00fanico en la mesa mediterr\u00e1nea.<\/span><\/p>\n<p><span style=\"font-weight: 400;\">En S\u00e1nchez Alcaraz trabajamos con productos ib\u00e9ricos elaborados de forma artesanal, respetando los procesos tradicionales que mantienen intacto el sabor y las propiedades nutricionales.<\/span><\/p>\n<p><span style=\"font-weight: 400;\">Si quieres disfrutar de lo mejor del ib\u00e9rico y cuidarte al mismo tiempo, descubre nuestra selecci\u00f3n en la <a href=\"https:\/\/sanchezalcaraz.com\/en\/online-shop\/\">tienda online<\/a>. Porque comer bien tambi\u00e9n significa cuidarse.<\/span><\/p>\n<h2><\/h2>","protected":false},"excerpt":{"rendered":"<p>Si alguna vez te has preguntado qu\u00e9 jam\u00f3n es el m\u00e1s saludable, no eres el \u00fanico. Este alimento forma parte de la dieta mediterr\u00e1nea y es un cl\u00e1sico en nuestra gastronom\u00eda, pero tambi\u00e9n despierta dudas: \u00bfhay diferencias entre un jam\u00f3n ib\u00e9rico saludable y un jam\u00f3n&#8230;<\/p>","protected":false},"author":867,"featured_media":8566,"comment_status":"open","ping_status":"open","sticky":false,"template":"","format":"standard","meta":{"footnotes":""},"categories":[1],"tags":[],"class_list":["post-8565","post","type-post","status-publish","format-standard","has-post-thumbnail","hentry","category-noticias-blog"],"yoast_head":"<!-- This site is optimized with the Yoast SEO plugin v24.3 - https:\/\/yoast.com\/wordpress\/plugins\/seo\/ -->\n<title>\u00bfQu\u00e9 jam\u00f3n es el m\u00e1s saludable? Gu\u00eda completa 2025<\/title>\n<meta name=\"description\" content=\"\u00bfQu\u00e9 jam\u00f3n es el m\u00e1s saludable? Gu\u00eda completa 2025 Descubre qu\u00e9 jam\u00f3n es m\u00e1s saludable: ib\u00e9rico o serrano. Beneficios y claves para elegir.\" \/>\n<meta name=\"robots\" content=\"index, follow, max-snippet:-1, max-image-preview:large, max-video-preview:-1\" \/>\n<link rel=\"canonical\" href=\"https:\/\/sanchezalcaraz.com\/en\/jamon-saludable\/\" \/>\n<meta property=\"og:locale\" content=\"en_GB\" \/>\n<meta property=\"og:type\" content=\"article\" \/>\n<meta property=\"og:title\" content=\"\u00bfQu\u00e9 jam\u00f3n es el m\u00e1s saludable? Gu\u00eda completa 2025\" \/>\n<meta property=\"og:description\" content=\"\u00bfQu\u00e9 jam\u00f3n es el m\u00e1s saludable? Gu\u00eda completa 2025 Descubre qu\u00e9 jam\u00f3n es m\u00e1s saludable: ib\u00e9rico o serrano. Beneficios y claves para elegir.\" \/>\n<meta property=\"og:url\" content=\"https:\/\/sanchezalcaraz.com\/en\/jamon-saludable\/\" \/>\n<meta property=\"og:site_name\" content=\"Sanchez Alcaraz\" \/>\n<meta property=\"article:publisher\" content=\"https:\/\/www.facebook.com\/SanchezAlcarazJamones\/\" \/>\n<meta property=\"article:published_time\" content=\"2025-10-09T16:00:31+00:00\" \/>\n<meta property=\"article:modified_time\" content=\"2025-10-10T09:23:21+00:00\" \/>\n<meta property=\"og:image\" content=\"https:\/\/sanchezalcaraz.com\/wp-content\/uploads\/2025\/10\/SALUD-JAMON-IBERICO-ES-SANO.webp\" \/>\n\t<meta property=\"og:image:width\" content=\"1024\" \/>\n\t<meta property=\"og:image:height\" content=\"684\" \/>\n\t<meta property=\"og:image:type\" content=\"image\/webp\" \/>\n<meta name=\"author\" content=\"Sanchez Alcaraz\" \/>\n<meta name=\"twitter:card\" content=\"summary_large_image\" \/>\n<meta name=\"twitter:creator\" content=\"@sanchezalcaraz_\" \/>\n<meta name=\"twitter:site\" content=\"@sanchezalcaraz_\" \/>\n<meta name=\"twitter:label1\" content=\"Written by\" \/>\n\t<meta name=\"twitter:data1\" content=\"Sanchez Alcaraz\" \/>\n\t<meta name=\"twitter:label2\" content=\"Estimated reading time\" \/>\n\t<meta name=\"twitter:data2\" content=\"5 minutes\" \/>\n<script type=\"application\/ld+json\" class=\"yoast-schema-graph\">{\"@context\":\"https:\/\/schema.org\",\"@graph\":[{\"@type\":\"Article\",\"@id\":\"https:\/\/sanchezalcaraz.com\/jamon-saludable\/#article\",\"isPartOf\":{\"@id\":\"https:\/\/sanchezalcaraz.com\/jamon-saludable\/\"},\"author\":{\"name\":\"Sanchez Alcaraz\",\"@id\":\"https:\/\/sanchezalcaraz.com\/#\/schema\/person\/613426cb0b8838fb43c8523433f4f5d6\"},\"headline\":\"\u00bfQu\u00e9 jam\u00f3n es el m\u00e1s saludable? Gu\u00eda completa 2025\",\"datePublished\":\"2025-10-09T16:00:31+00:00\",\"dateModified\":\"2025-10-10T09:23:21+00:00\",\"mainEntityOfPage\":{\"@id\":\"https:\/\/sanchezalcaraz.com\/jamon-saludable\/\"},\"wordCount\":813,\"commentCount\":0,\"publisher\":{\"@id\":\"https:\/\/sanchezalcaraz.com\/#organization\"},\"image\":{\"@id\":\"https:\/\/sanchezalcaraz.com\/jamon-saludable\/#primaryimage\"},\"thumbnailUrl\":\"https:\/\/sanchezalcaraz.com\/wp-content\/uploads\/2025\/10\/SALUD-JAMON-IBERICO-ES-SANO.webp\",\"articleSection\":[\"Blog\"],\"inLanguage\":\"en-GB\",\"potentialAction\":[{\"@type\":\"CommentAction\",\"name\":\"Comment\",\"target\":[\"https:\/\/sanchezalcaraz.com\/jamon-saludable\/#respond\"]}]},{\"@type\":\"WebPage\",\"@id\":\"https:\/\/sanchezalcaraz.com\/jamon-saludable\/\",\"url\":\"https:\/\/sanchezalcaraz.com\/jamon-saludable\/\",\"name\":\"\u00bfQu\u00e9 jam\u00f3n es el m\u00e1s saludable? Gu\u00eda completa 2025\",\"isPartOf\":{\"@id\":\"https:\/\/sanchezalcaraz.com\/#website\"},\"primaryImageOfPage\":{\"@id\":\"https:\/\/sanchezalcaraz.com\/jamon-saludable\/#primaryimage\"},\"image\":{\"@id\":\"https:\/\/sanchezalcaraz.com\/jamon-saludable\/#primaryimage\"},\"thumbnailUrl\":\"https:\/\/sanchezalcaraz.com\/wp-content\/uploads\/2025\/10\/SALUD-JAMON-IBERICO-ES-SANO.webp\",\"datePublished\":\"2025-10-09T16:00:31+00:00\",\"dateModified\":\"2025-10-10T09:23:21+00:00\",\"description\":\"\u00bfQu\u00e9 jam\u00f3n es el m\u00e1s saludable? Gu\u00eda completa 2025 Descubre qu\u00e9 jam\u00f3n es m\u00e1s saludable: ib\u00e9rico o serrano. Beneficios y claves para elegir.\",\"breadcrumb\":{\"@id\":\"https:\/\/sanchezalcaraz.com\/jamon-saludable\/#breadcrumb\"},\"inLanguage\":\"en-GB\",\"potentialAction\":[{\"@type\":\"ReadAction\",\"target\":[\"https:\/\/sanchezalcaraz.com\/jamon-saludable\/\"]}]},{\"@type\":\"ImageObject\",\"inLanguage\":\"en-GB\",\"@id\":\"https:\/\/sanchezalcaraz.com\/jamon-saludable\/#primaryimage\",\"url\":\"https:\/\/sanchezalcaraz.com\/wp-content\/uploads\/2025\/10\/SALUD-JAMON-IBERICO-ES-SANO.webp\",\"contentUrl\":\"https:\/\/sanchezalcaraz.com\/wp-content\/uploads\/2025\/10\/SALUD-JAMON-IBERICO-ES-SANO.webp\",\"width\":1024,\"height\":684},{\"@type\":\"BreadcrumbList\",\"@id\":\"https:\/\/sanchezalcaraz.com\/jamon-saludable\/#breadcrumb\",\"itemListElement\":[{\"@type\":\"ListItem\",\"position\":1,\"name\":\"Portada\",\"item\":\"https:\/\/sanchezalcaraz.com\/\"},{\"@type\":\"ListItem\",\"position\":2,\"name\":\"\u00bfQu\u00e9 jam\u00f3n es el m\u00e1s saludable? Gu\u00eda completa 2025\"}]},{\"@type\":\"WebSite\",\"@id\":\"https:\/\/sanchezalcaraz.com\/#website\",\"url\":\"https:\/\/sanchezalcaraz.com\/\",\"name\":\"Sanchez Alcaraz\",\"description\":\"\",\"publisher\":{\"@id\":\"https:\/\/sanchezalcaraz.com\/#organization\"},\"potentialAction\":[{\"@type\":\"SearchAction\",\"target\":{\"@type\":\"EntryPoint\",\"urlTemplate\":\"https:\/\/sanchezalcaraz.com\/?s={search_term_string}\"},\"query-input\":{\"@type\":\"PropertyValueSpecification\",\"valueRequired\":true,\"valueName\":\"search_term_string\"}}],\"inLanguage\":\"en-GB\"},{\"@type\":\"Organization\",\"@id\":\"https:\/\/sanchezalcaraz.com\/#organization\",\"name\":\"S\u00e1nchez Alcaraz\",\"url\":\"https:\/\/sanchezalcaraz.com\/\",\"logo\":{\"@type\":\"ImageObject\",\"inLanguage\":\"en-GB\",\"@id\":\"https:\/\/sanchezalcaraz.com\/#\/schema\/logo\/image\/\",\"url\":\"https:\/\/sanchezalcaraz.com\/wp-content\/uploads\/2023\/04\/cabecera-sanchez-alcaraz-logo-nuevo.jpg\",\"contentUrl\":\"https:\/\/sanchezalcaraz.com\/wp-content\/uploads\/2023\/04\/cabecera-sanchez-alcaraz-logo-nuevo.jpg\",\"width\":900,\"height\":600,\"caption\":\"S\u00e1nchez Alcaraz\"},\"image\":{\"@id\":\"https:\/\/sanchezalcaraz.com\/#\/schema\/logo\/image\/\"},\"sameAs\":[\"https:\/\/www.facebook.com\/SanchezAlcarazJamones\/\",\"https:\/\/x.com\/sanchezalcaraz_\",\"https:\/\/www.instagram.com\/sanchez_alcaraz\/\"]},{\"@type\":\"Person\",\"@id\":\"https:\/\/sanchezalcaraz.com\/#\/schema\/person\/613426cb0b8838fb43c8523433f4f5d6\",\"name\":\"Sanchez Alcaraz\"}]}<\/script>\n<!-- \/ Yoast SEO plugin. -->","yoast_head_json":{"title":"\u00bfQu\u00e9 jam\u00f3n es el m\u00e1s saludable? Gu\u00eda completa 2025","description":"\u00bfQu\u00e9 jam\u00f3n es el m\u00e1s saludable? Gu\u00eda completa 2025 Descubre qu\u00e9 jam\u00f3n es m\u00e1s saludable: ib\u00e9rico o serrano. Beneficios y claves para elegir.","robots":{"index":"index","follow":"follow","max-snippet":"max-snippet:-1","max-image-preview":"max-image-preview:large","max-video-preview":"max-video-preview:-1"},"canonical":"https:\/\/sanchezalcaraz.com\/en\/jamon-saludable\/","og_locale":"en_GB","og_type":"article","og_title":"\u00bfQu\u00e9 jam\u00f3n es el m\u00e1s saludable? Gu\u00eda completa 2025","og_description":"\u00bfQu\u00e9 jam\u00f3n es el m\u00e1s saludable? Gu\u00eda completa 2025 Descubre qu\u00e9 jam\u00f3n es m\u00e1s saludable: ib\u00e9rico o serrano. Beneficios y claves para elegir.","og_url":"https:\/\/sanchezalcaraz.com\/en\/jamon-saludable\/","og_site_name":"Sanchez Alcaraz","article_publisher":"https:\/\/www.facebook.com\/SanchezAlcarazJamones\/","article_published_time":"2025-10-09T16:00:31+00:00","article_modified_time":"2025-10-10T09:23:21+00:00","og_image":[{"width":1024,"height":684,"url":"https:\/\/sanchezalcaraz.com\/wp-content\/uploads\/2025\/10\/SALUD-JAMON-IBERICO-ES-SANO.webp","type":"image\/webp"}],"author":"Sanchez Alcaraz","twitter_card":"summary_large_image","twitter_creator":"@sanchezalcaraz_","twitter_site":"@sanchezalcaraz_","twitter_misc":{"Written by":"Sanchez Alcaraz","Estimated reading time":"5 minutes"},"schema":{"@context":"https:\/\/schema.org","@graph":[{"@type":"Article","@id":"https:\/\/sanchezalcaraz.com\/jamon-saludable\/#article","isPartOf":{"@id":"https:\/\/sanchezalcaraz.com\/jamon-saludable\/"},"author":{"name":"Sanchez Alcaraz","@id":"https:\/\/sanchezalcaraz.com\/#\/schema\/person\/613426cb0b8838fb43c8523433f4f5d6"},"headline":"\u00bfQu\u00e9 jam\u00f3n es el m\u00e1s saludable? Gu\u00eda completa 2025","datePublished":"2025-10-09T16:00:31+00:00","dateModified":"2025-10-10T09:23:21+00:00","mainEntityOfPage":{"@id":"https:\/\/sanchezalcaraz.com\/jamon-saludable\/"},"wordCount":813,"commentCount":0,"publisher":{"@id":"https:\/\/sanchezalcaraz.com\/#organization"},"image":{"@id":"https:\/\/sanchezalcaraz.com\/jamon-saludable\/#primaryimage"},"thumbnailUrl":"https:\/\/sanchezalcaraz.com\/wp-content\/uploads\/2025\/10\/SALUD-JAMON-IBERICO-ES-SANO.webp","articleSection":["Blog"],"inLanguage":"en-GB","potentialAction":[{"@type":"CommentAction","name":"Comment","target":["https:\/\/sanchezalcaraz.com\/jamon-saludable\/#respond"]}]},{"@type":"WebPage","@id":"https:\/\/sanchezalcaraz.com\/jamon-saludable\/","url":"https:\/\/sanchezalcaraz.com\/jamon-saludable\/","name":"\u00bfQu\u00e9 jam\u00f3n es el m\u00e1s saludable? Gu\u00eda completa 2025","isPartOf":{"@id":"https:\/\/sanchezalcaraz.com\/#website"},"primaryImageOfPage":{"@id":"https:\/\/sanchezalcaraz.com\/jamon-saludable\/#primaryimage"},"image":{"@id":"https:\/\/sanchezalcaraz.com\/jamon-saludable\/#primaryimage"},"thumbnailUrl":"https:\/\/sanchezalcaraz.com\/wp-content\/uploads\/2025\/10\/SALUD-JAMON-IBERICO-ES-SANO.webp","datePublished":"2025-10-09T16:00:31+00:00","dateModified":"2025-10-10T09:23:21+00:00","description":"\u00bfQu\u00e9 jam\u00f3n es el m\u00e1s saludable? Gu\u00eda completa 2025 Descubre qu\u00e9 jam\u00f3n es m\u00e1s saludable: ib\u00e9rico o serrano. Beneficios y claves para elegir.","breadcrumb":{"@id":"https:\/\/sanchezalcaraz.com\/jamon-saludable\/#breadcrumb"},"inLanguage":"en-GB","potentialAction":[{"@type":"ReadAction","target":["https:\/\/sanchezalcaraz.com\/jamon-saludable\/"]}]},{"@type":"ImageObject","inLanguage":"en-GB","@id":"https:\/\/sanchezalcaraz.com\/jamon-saludable\/#primaryimage","url":"https:\/\/sanchezalcaraz.com\/wp-content\/uploads\/2025\/10\/SALUD-JAMON-IBERICO-ES-SANO.webp","contentUrl":"https:\/\/sanchezalcaraz.com\/wp-content\/uploads\/2025\/10\/SALUD-JAMON-IBERICO-ES-SANO.webp","width":1024,"height":684},{"@type":"BreadcrumbList","@id":"https:\/\/sanchezalcaraz.com\/jamon-saludable\/#breadcrumb","itemListElement":[{"@type":"ListItem","position":1,"name":"Portada","item":"https:\/\/sanchezalcaraz.com\/"},{"@type":"ListItem","position":2,"name":"\u00bfQu\u00e9 jam\u00f3n es el m\u00e1s saludable? Gu\u00eda completa 2025"}]},{"@type":"WebSite","@id":"https:\/\/sanchezalcaraz.com\/#website","url":"https:\/\/sanchezalcaraz.com\/","name":"Sanchez Alcaraz","description":"","publisher":{"@id":"https:\/\/sanchezalcaraz.com\/#organization"},"potentialAction":[{"@type":"SearchAction","target":{"@type":"EntryPoint","urlTemplate":"https:\/\/sanchezalcaraz.com\/?s={search_term_string}"},"query-input":{"@type":"PropertyValueSpecification","valueRequired":true,"valueName":"search_term_string"}}],"inLanguage":"en-GB"},{"@type":"Organization","@id":"https:\/\/sanchezalcaraz.com\/#organization","name":"S\u00e1nchez Alcaraz","url":"https:\/\/sanchezalcaraz.com\/","logo":{"@type":"ImageObject","inLanguage":"en-GB","@id":"https:\/\/sanchezalcaraz.com\/#\/schema\/logo\/image\/","url":"https:\/\/sanchezalcaraz.com\/wp-content\/uploads\/2023\/04\/cabecera-sanchez-alcaraz-logo-nuevo.jpg","contentUrl":"https:\/\/sanchezalcaraz.com\/wp-content\/uploads\/2023\/04\/cabecera-sanchez-alcaraz-logo-nuevo.jpg","width":900,"height":600,"caption":"S\u00e1nchez Alcaraz"},"image":{"@id":"https:\/\/sanchezalcaraz.com\/#\/schema\/logo\/image\/"},"sameAs":["https:\/\/www.facebook.com\/SanchezAlcarazJamones\/","https:\/\/x.com\/sanchezalcaraz_","https:\/\/www.instagram.com\/sanchez_alcaraz\/"]},{"@type":"Person","@id":"https:\/\/sanchezalcaraz.com\/#\/schema\/person\/613426cb0b8838fb43c8523433f4f5d6","name":"Sanchez Alcaraz"}]}},"_links":{"self":[{"href":"https:\/\/sanchezalcaraz.com\/en\/wp-json\/wp\/v2\/posts\/8565","targetHints":{"allow":["GET"]}}],"collection":[{"href":"https:\/\/sanchezalcaraz.com\/en\/wp-json\/wp\/v2\/posts"}],"about":[{"href":"https:\/\/sanchezalcaraz.com\/en\/wp-json\/wp\/v2\/types\/post"}],"author":[{"embeddable":true,"href":"https:\/\/sanchezalcaraz.com\/en\/wp-json\/wp\/v2\/users\/867"}],"replies":[{"embeddable":true,"href":"https:\/\/sanchezalcaraz.com\/en\/wp-json\/wp\/v2\/comments?post=8565"}],"version-history":[{"count":6,"href":"https:\/\/sanchezalcaraz.com\/en\/wp-json\/wp\/v2\/posts\/8565\/revisions"}],"predecessor-version":[{"id":8581,"href":"https:\/\/sanchezalcaraz.com\/en\/wp-json\/wp\/v2\/posts\/8565\/revisions\/8581"}],"wp:featuredmedia":[{"embeddable":true,"href":"https:\/\/sanchezalcaraz.com\/en\/wp-json\/wp\/v2\/media\/8566"}],"wp:attachment":[{"href":"https:\/\/sanchezalcaraz.com\/en\/wp-json\/wp\/v2\/media?parent=8565"}],"wp:term":[{"taxonomy":"category","embeddable":true,"href":"https:\/\/sanchezalcaraz.com\/en\/wp-json\/wp\/v2\/categories?post=8565"},{"taxonomy":"post_tag","embeddable":true,"href":"https:\/\/sanchezalcaraz.com\/en\/wp-json\/wp\/v2\/tags?post=8565"}],"curies":[{"name":"wp","href":"https:\/\/api.w.org\/{rel}","templated":true}]}}