{"id":8142,"date":"2025-05-07T11:39:03","date_gmt":"2025-05-07T09:39:03","guid":{"rendered":"https:\/\/sanchezalcaraz.com\/?p=8142"},"modified":"2025-05-07T11:41:06","modified_gmt":"2025-05-07T09:41:06","slug":"jamon-iberico-como-fuente-de-proteina","status":"publish","type":"post","link":"https:\/\/sanchezalcaraz.com\/en\/jamon-iberico-como-fuente-de-proteina\/","title":{"rendered":"Jam\u00f3n Ib\u00e9rico como fuente de Prote\u00edna"},"content":{"rendered":"<h3><strong>Jam\u00f3n Ib\u00e9rico: la Fuente de Prote\u00edna que no puede faltar en tu dieta<\/strong><\/h3>\n<p><img loading=\"lazy\" decoding=\"async\" class=\"alignnone size-full wp-image-7848\" src=\"https:\/\/sanchezalcaraz.com\/wp-content\/uploads\/2025\/01\/\u00bfSe-puede-llevar-embutido-en-el-avion-scaled.webp\" alt=\"\" width=\"2560\" height=\"1641\" srcset=\"https:\/\/sanchezalcaraz.com\/wp-content\/uploads\/2025\/01\/\u00bfSe-puede-llevar-embutido-en-el-avion-scaled.webp 2560w, https:\/\/sanchezalcaraz.com\/wp-content\/uploads\/2025\/01\/\u00bfSe-puede-llevar-embutido-en-el-avion-768x492.webp 768w, https:\/\/sanchezalcaraz.com\/wp-content\/uploads\/2025\/01\/\u00bfSe-puede-llevar-embutido-en-el-avion-1536x984.webp 1536w, https:\/\/sanchezalcaraz.com\/wp-content\/uploads\/2025\/01\/\u00bfSe-puede-llevar-embutido-en-el-avion-2048x1312.webp 2048w, https:\/\/sanchezalcaraz.com\/wp-content\/uploads\/2025\/01\/\u00bfSe-puede-llevar-embutido-en-el-avion-18x12.webp 18w, https:\/\/sanchezalcaraz.com\/wp-content\/uploads\/2025\/01\/\u00bfSe-puede-llevar-embutido-en-el-avion-700x449.webp 700w, https:\/\/sanchezalcaraz.com\/wp-content\/uploads\/2025\/01\/\u00bfSe-puede-llevar-embutido-en-el-avion-960x615.webp 960w, https:\/\/sanchezalcaraz.com\/wp-content\/uploads\/2025\/01\/\u00bfSe-puede-llevar-embutido-en-el-avion-800x513.webp 800w\" sizes=\"auto, (max-width: 2560px) 100vw, 2560px\" \/><\/p>\n<p>En la actualidad, la importancia de una alimentaci\u00f3n rica en prote\u00ednas es un tema clave en el mundo de la nutrici\u00f3n y el bienestar. Ya sea para mantener la masa muscular, mejorar el rendimiento deportivo o simplemente llevar una dieta equilibrada, las prote\u00ednas juegan un papel fundamental en nuestra salud. Y entre todas las opciones disponibles, el <strong>jam\u00f3n ib\u00e9rico<\/strong> destaca como una alternativa natural, deliciosa y llena de beneficios.<\/p>\n<h2><strong>Una prote\u00edna de alta calidad<\/strong><\/h2>\n<p>Cuando pensamos en alimentos ricos en prote\u00ednas, solemos imaginar carnes magras, huevos o legumbres. Sin embargo, el jam\u00f3n ib\u00e9rico es una opci\u00f3n excepcional que no solo aporta prote\u00ednas de alta calidad, sino que tambi\u00e9n contiene un perfil nutricional inigualable.<\/p>\n<p>Cada 100 gramos de jam\u00f3n ib\u00e9rico aportan aproximadamente <strong>30 gramos de prote\u00edna<\/strong>, una cantidad comparable a la del pollo o el pescado, pero con un plus: un mayor contenido de amino\u00e1cidos esenciales, aquellos que nuestro cuerpo no puede producir por s\u00ed mismo y que son indispensables para la regeneraci\u00f3n muscular y el mantenimiento de los tejidos.<\/p>\n<h2><strong>Ideal para deportistas y estilos de vida activos<\/strong><\/h2>\n<p><img loading=\"lazy\" decoding=\"async\" class=\"size-full wp-image-8143\" src=\"https:\/\/sanchezalcaraz.com\/wp-content\/uploads\/2025\/05\/AdobeStock_1425574480-scaled.jpeg\" alt=\"\" width=\"2560\" height=\"1704\" srcset=\"https:\/\/sanchezalcaraz.com\/wp-content\/uploads\/2025\/05\/AdobeStock_1425574480-scaled.jpeg 2560w, https:\/\/sanchezalcaraz.com\/wp-content\/uploads\/2025\/05\/AdobeStock_1425574480-768x511.jpeg 768w, https:\/\/sanchezalcaraz.com\/wp-content\/uploads\/2025\/05\/AdobeStock_1425574480-1536x1022.jpeg 1536w, https:\/\/sanchezalcaraz.com\/wp-content\/uploads\/2025\/05\/AdobeStock_1425574480-2048x1363.jpeg 2048w, https:\/\/sanchezalcaraz.com\/wp-content\/uploads\/2025\/05\/AdobeStock_1425574480-18x12.jpeg 18w, https:\/\/sanchezalcaraz.com\/wp-content\/uploads\/2025\/05\/AdobeStock_1425574480-700x466.jpeg 700w, https:\/\/sanchezalcaraz.com\/wp-content\/uploads\/2025\/05\/AdobeStock_1425574480-960x639.jpeg 960w, https:\/\/sanchezalcaraz.com\/wp-content\/uploads\/2025\/05\/AdobeStock_1425574480-800x533.jpeg 800w\" sizes=\"auto, (max-width: 2560px) 100vw, 2560px\" \/><\/p>\n<p>Si practicas deporte o llevas una vida activa, el jam\u00f3n ib\u00e9rico puede convertirse en tu mejor aliado. Su contenido en <strong>prote\u00ednas de f\u00e1cil absorci\u00f3n<\/strong> ayuda a la recuperaci\u00f3n muscular despu\u00e9s del ejercicio, contribuyendo a reducir el desgaste y favoreciendo la regeneraci\u00f3n de fibras musculares. Adem\u00e1s, es un alimento que <strong>no requiere cocci\u00f3n<\/strong>, por lo que es perfecto para consumir en cualquier momento del d\u00eda, ya sea en un desayuno energ\u00e9tico, como snack o en una cena ligera.<\/p>\n<p><strong>Grasas saludables y un extra de nutrientes<\/strong><\/p>\n<p>A diferencia de otros embutidos, el jam\u00f3n ib\u00e9rico contiene un porcentaje significativo de <strong>grasas saludables<\/strong>, principalmente \u00e1cidos grasos monoinsaturados, como el \u00e1cido oleico, el mismo que encontramos en el aceite de oliva. Este tipo de grasa es beneficioso para la salud cardiovascular, ayudando a reducir los niveles de colesterol LDL (colesterol \u00abmalo\u00bb) y favoreciendo el aumento del HDL (colesterol \u00abbueno\u00bb).<\/p>\n<p>Adem\u00e1s de su aporte proteico, el jam\u00f3n ib\u00e9rico es rico en vitaminas del grupo B, especialmente <strong>B1, B6 y B12<\/strong>, esenciales para el metabolismo energ\u00e9tico y el buen funcionamiento del sistema nervioso. Tambi\u00e9n contiene minerales como <strong>hierro, zinc y f\u00f3sforo<\/strong>, fundamentales para el rendimiento f\u00edsico y mental.<\/p>\n<h3><strong>\u00bfC\u00f3mo incluir el jam\u00f3n ib\u00e9rico en una dieta equilibrada?<\/strong><\/h3>\n<p><img loading=\"lazy\" decoding=\"async\" class=\"alignnone size-full wp-image-7802\" src=\"https:\/\/sanchezalcaraz.com\/wp-content\/uploads\/2025\/01\/receta-saludable-jamon-iberico-sanchez-alcaraz-3-scaled-e1737457575461.webp\" alt=\"\" width=\"2560\" height=\"1707\" srcset=\"https:\/\/sanchezalcaraz.com\/wp-content\/uploads\/2025\/01\/receta-saludable-jamon-iberico-sanchez-alcaraz-3-scaled-e1737457575461.webp 2560w, https:\/\/sanchezalcaraz.com\/wp-content\/uploads\/2025\/01\/receta-saludable-jamon-iberico-sanchez-alcaraz-3-scaled-e1737457575461-768x512.webp 768w, https:\/\/sanchezalcaraz.com\/wp-content\/uploads\/2025\/01\/receta-saludable-jamon-iberico-sanchez-alcaraz-3-scaled-e1737457575461-1536x1024.webp 1536w, https:\/\/sanchezalcaraz.com\/wp-content\/uploads\/2025\/01\/receta-saludable-jamon-iberico-sanchez-alcaraz-3-scaled-e1737457575461-2048x1366.webp 2048w, https:\/\/sanchezalcaraz.com\/wp-content\/uploads\/2025\/01\/receta-saludable-jamon-iberico-sanchez-alcaraz-3-scaled-e1737457575461-18x12.webp 18w, https:\/\/sanchezalcaraz.com\/wp-content\/uploads\/2025\/01\/receta-saludable-jamon-iberico-sanchez-alcaraz-3-scaled-e1737457575461-700x467.webp 700w, https:\/\/sanchezalcaraz.com\/wp-content\/uploads\/2025\/01\/receta-saludable-jamon-iberico-sanchez-alcaraz-3-scaled-e1737457575461-960x640.webp 960w, https:\/\/sanchezalcaraz.com\/wp-content\/uploads\/2025\/01\/receta-saludable-jamon-iberico-sanchez-alcaraz-3-scaled-e1737457575461-800x533.webp 800w\" sizes=\"auto, (max-width: 2560px) 100vw, 2560px\" \/>Incorporar jam\u00f3n ib\u00e9rico en una alimentaci\u00f3n saludable es sencillo y delicioso. Aqu\u00ed te dejamos algunas ideas:<\/p>\n<ul>\n<li><strong>Desayuno completo:<\/strong> Comb\u00ednalo con pan integral, tomate rallado y un chorrito de aceite de oliva virgen extra.<\/li>\n<li><strong>Snack post-entrenamiento:<\/strong> Acomp\u00e1\u00f1alo con frutos secos y queso curado para una dosis extra de prote\u00ednas y grasas saludables.<\/li>\n<li><strong>Ensaladas y bowls:<\/strong> M\u00e9zclalo con aguacate, espinacas y huevos para un plato nutritivo y saciante.<\/li>\n<li><strong>Cena ligera:<\/strong> Disfr\u00fatalo con esp\u00e1rragos, una tortilla de claras o simplemente con un poco de queso fresco.<\/li>\n<\/ul>\n<h3><strong>Un superalimento que no pasa de moda<\/strong><\/h3>\n<p>El jam\u00f3n ib\u00e9rico no solo es un placer gastron\u00f3mico, sino que tambi\u00e9n es una excelente fuente de prote\u00ednas para quienes buscan llevar una alimentaci\u00f3n saludable y equilibrada. Su combinaci\u00f3n \u00fanica de <strong>prote\u00ednas de calidad, grasas saludables y micronutrientes esenciales<\/strong> lo convierten en un alimento ideal para cualquier tipo de dieta, desde la de un deportista hasta la de alguien que simplemente quiere cuidarse sin renunciar al sabor.<\/p>\n<p>As\u00ed que la pr\u00f3xima vez que busques una opci\u00f3n rica en prote\u00ednas, recuerda que el jam\u00f3n ib\u00e9rico es m\u00e1s que un capricho: es un aut\u00e9ntico aliado para tu bienestar. \u00bfTe animas a incluirlo en tu dieta?<\/p>\n<h3><strong>D\u00f3nde encontrar un jam\u00f3n de Calidad<\/strong><\/h3>\n<p>Para disfrutar de todos los beneficios del jam\u00f3n ib\u00e9rico, es fundamental elegir un producto de calidad, elaborado con las mejores materias primas y un proceso de curaci\u00f3n adecuado. En <strong>S\u00e1nchez Alcaraz<\/strong>, encontrar\u00e1s una selecci\u00f3n de <strong>productos premium<\/strong>, con una textura y un sabor inigualables.<\/p>\n<p>Si buscas un <strong>jam\u00f3n ib\u00e9rico que combine tradici\u00f3n, calidad y beneficios nutricionales<\/strong>, no dudes en explorar nuestra tienda online. <em>Porque cuidarse no est\u00e1 re\u00f1ido con el placer de un buen jam\u00f3n.<\/em><\/p>\n<p>&nbsp;<\/p>","protected":false},"excerpt":{"rendered":"<p>Jam\u00f3n Ib\u00e9rico: la Fuente de Prote\u00edna que no puede faltar en tu dieta En la actualidad, la importancia de una alimentaci\u00f3n rica en prote\u00ednas es un tema clave en el mundo de la nutrici\u00f3n y el bienestar. Ya sea para mantener la masa muscular, mejorar&#8230;<\/p>","protected":false},"author":867,"featured_media":8146,"comment_status":"open","ping_status":"open","sticky":false,"template":"","format":"standard","meta":{"footnotes":""},"categories":[1],"tags":[],"class_list":["post-8142","post","type-post","status-publish","format-standard","has-post-thumbnail","hentry","category-noticias-blog"],"yoast_head":"<!-- This site is optimized with the Yoast SEO plugin v24.3 - https:\/\/yoast.com\/wordpress\/plugins\/seo\/ -->\n<title>Jam\u00f3n Ib\u00e9rico como fuente de Prote\u00edna<\/title>\n<meta name=\"robots\" content=\"index, follow, max-snippet:-1, max-image-preview:large, max-video-preview:-1\" \/>\n<link rel=\"canonical\" href=\"https:\/\/sanchezalcaraz.com\/en\/jamon-iberico-como-fuente-de-proteina\/\" \/>\n<meta property=\"og:locale\" content=\"en_GB\" \/>\n<meta property=\"og:type\" content=\"article\" \/>\n<meta property=\"og:title\" content=\"Jam\u00f3n Ib\u00e9rico como fuente de Prote\u00edna\" \/>\n<meta property=\"og:description\" content=\"Jam\u00f3n Ib\u00e9rico: la Fuente de Prote\u00edna que no puede faltar en tu dieta En la actualidad, la importancia de una alimentaci\u00f3n rica en prote\u00ednas es un tema clave en el mundo de la nutrici\u00f3n y el bienestar. Ya sea para mantener la masa muscular, mejorar...\" \/>\n<meta property=\"og:url\" content=\"https:\/\/sanchezalcaraz.com\/en\/jamon-iberico-como-fuente-de-proteina\/\" \/>\n<meta property=\"og:site_name\" content=\"Sanchez Alcaraz\" \/>\n<meta property=\"article:publisher\" content=\"https:\/\/www.facebook.com\/SanchezAlcarazJamones\/\" \/>\n<meta property=\"article:published_time\" content=\"2025-05-07T09:39:03+00:00\" \/>\n<meta property=\"article:modified_time\" content=\"2025-05-07T09:41:06+00:00\" \/>\n<meta property=\"og:image\" content=\"https:\/\/sanchezalcaraz.com\/wp-content\/uploads\/2025\/05\/Jamon_iberico._dieta_proteina_mediterranea-scaled.jpeg\" \/>\n\t<meta property=\"og:image:width\" content=\"2560\" \/>\n\t<meta property=\"og:image:height\" content=\"1704\" \/>\n\t<meta property=\"og:image:type\" content=\"image\/jpeg\" \/>\n<meta name=\"author\" content=\"Sanchez Alcaraz\" \/>\n<meta name=\"twitter:card\" content=\"summary_large_image\" \/>\n<meta name=\"twitter:creator\" content=\"@sanchezalcaraz_\" \/>\n<meta name=\"twitter:site\" content=\"@sanchezalcaraz_\" \/>\n<meta name=\"twitter:label1\" content=\"Written by\" \/>\n\t<meta name=\"twitter:data1\" content=\"Sanchez Alcaraz\" \/>\n\t<meta name=\"twitter:label2\" content=\"Estimated reading time\" \/>\n\t<meta name=\"twitter:data2\" content=\"4 minutes\" \/>\n<script type=\"application\/ld+json\" class=\"yoast-schema-graph\">{\"@context\":\"https:\/\/schema.org\",\"@graph\":[{\"@type\":\"Article\",\"@id\":\"https:\/\/sanchezalcaraz.com\/jamon-iberico-como-fuente-de-proteina\/#article\",\"isPartOf\":{\"@id\":\"https:\/\/sanchezalcaraz.com\/jamon-iberico-como-fuente-de-proteina\/\"},\"author\":{\"name\":\"Sanchez Alcaraz\",\"@id\":\"https:\/\/sanchezalcaraz.com\/#\/schema\/person\/613426cb0b8838fb43c8523433f4f5d6\"},\"headline\":\"Jam\u00f3n Ib\u00e9rico como fuente de Prote\u00edna\",\"datePublished\":\"2025-05-07T09:39:03+00:00\",\"dateModified\":\"2025-05-07T09:41:06+00:00\",\"mainEntityOfPage\":{\"@id\":\"https:\/\/sanchezalcaraz.com\/jamon-iberico-como-fuente-de-proteina\/\"},\"wordCount\":754,\"commentCount\":0,\"publisher\":{\"@id\":\"https:\/\/sanchezalcaraz.com\/#organization\"},\"image\":{\"@id\":\"https:\/\/sanchezalcaraz.com\/jamon-iberico-como-fuente-de-proteina\/#primaryimage\"},\"thumbnailUrl\":\"https:\/\/sanchezalcaraz.com\/wp-content\/uploads\/2025\/05\/Jamon_iberico._dieta_proteina_mediterranea-scaled.jpeg\",\"articleSection\":[\"Blog\"],\"inLanguage\":\"en-GB\",\"potentialAction\":[{\"@type\":\"CommentAction\",\"name\":\"Comment\",\"target\":[\"https:\/\/sanchezalcaraz.com\/jamon-iberico-como-fuente-de-proteina\/#respond\"]}]},{\"@type\":\"WebPage\",\"@id\":\"https:\/\/sanchezalcaraz.com\/jamon-iberico-como-fuente-de-proteina\/\",\"url\":\"https:\/\/sanchezalcaraz.com\/jamon-iberico-como-fuente-de-proteina\/\",\"name\":\"Jam\u00f3n Ib\u00e9rico como fuente de Prote\u00edna\",\"isPartOf\":{\"@id\":\"https:\/\/sanchezalcaraz.com\/#website\"},\"primaryImageOfPage\":{\"@id\":\"https:\/\/sanchezalcaraz.com\/jamon-iberico-como-fuente-de-proteina\/#primaryimage\"},\"image\":{\"@id\":\"https:\/\/sanchezalcaraz.com\/jamon-iberico-como-fuente-de-proteina\/#primaryimage\"},\"thumbnailUrl\":\"https:\/\/sanchezalcaraz.com\/wp-content\/uploads\/2025\/05\/Jamon_iberico._dieta_proteina_mediterranea-scaled.jpeg\",\"datePublished\":\"2025-05-07T09:39:03+00:00\",\"dateModified\":\"2025-05-07T09:41:06+00:00\",\"breadcrumb\":{\"@id\":\"https:\/\/sanchezalcaraz.com\/jamon-iberico-como-fuente-de-proteina\/#breadcrumb\"},\"inLanguage\":\"en-GB\",\"potentialAction\":[{\"@type\":\"ReadAction\",\"target\":[\"https:\/\/sanchezalcaraz.com\/jamon-iberico-como-fuente-de-proteina\/\"]}]},{\"@type\":\"ImageObject\",\"inLanguage\":\"en-GB\",\"@id\":\"https:\/\/sanchezalcaraz.com\/jamon-iberico-como-fuente-de-proteina\/#primaryimage\",\"url\":\"https:\/\/sanchezalcaraz.com\/wp-content\/uploads\/2025\/05\/Jamon_iberico._dieta_proteina_mediterranea-scaled.jpeg\",\"contentUrl\":\"https:\/\/sanchezalcaraz.com\/wp-content\/uploads\/2025\/05\/Jamon_iberico._dieta_proteina_mediterranea-scaled.jpeg\",\"width\":2560,\"height\":1704,\"caption\":\"Mature woman exercising with dumbbells at home, kneeling on a yoga mat in her living room, demonstrating a commitment to fitness and a healthy lifestyle\"},{\"@type\":\"BreadcrumbList\",\"@id\":\"https:\/\/sanchezalcaraz.com\/jamon-iberico-como-fuente-de-proteina\/#breadcrumb\",\"itemListElement\":[{\"@type\":\"ListItem\",\"position\":1,\"name\":\"Portada\",\"item\":\"https:\/\/sanchezalcaraz.com\/\"},{\"@type\":\"ListItem\",\"position\":2,\"name\":\"Jam\u00f3n Ib\u00e9rico como fuente de Prote\u00edna\"}]},{\"@type\":\"WebSite\",\"@id\":\"https:\/\/sanchezalcaraz.com\/#website\",\"url\":\"https:\/\/sanchezalcaraz.com\/\",\"name\":\"Sanchez Alcaraz\",\"description\":\"\",\"publisher\":{\"@id\":\"https:\/\/sanchezalcaraz.com\/#organization\"},\"potentialAction\":[{\"@type\":\"SearchAction\",\"target\":{\"@type\":\"EntryPoint\",\"urlTemplate\":\"https:\/\/sanchezalcaraz.com\/?s={search_term_string}\"},\"query-input\":{\"@type\":\"PropertyValueSpecification\",\"valueRequired\":true,\"valueName\":\"search_term_string\"}}],\"inLanguage\":\"en-GB\"},{\"@type\":\"Organization\",\"@id\":\"https:\/\/sanchezalcaraz.com\/#organization\",\"name\":\"S\u00e1nchez Alcaraz\",\"url\":\"https:\/\/sanchezalcaraz.com\/\",\"logo\":{\"@type\":\"ImageObject\",\"inLanguage\":\"en-GB\",\"@id\":\"https:\/\/sanchezalcaraz.com\/#\/schema\/logo\/image\/\",\"url\":\"https:\/\/sanchezalcaraz.com\/wp-content\/uploads\/2023\/04\/cabecera-sanchez-alcaraz-logo-nuevo.jpg\",\"contentUrl\":\"https:\/\/sanchezalcaraz.com\/wp-content\/uploads\/2023\/04\/cabecera-sanchez-alcaraz-logo-nuevo.jpg\",\"width\":900,\"height\":600,\"caption\":\"S\u00e1nchez Alcaraz\"},\"image\":{\"@id\":\"https:\/\/sanchezalcaraz.com\/#\/schema\/logo\/image\/\"},\"sameAs\":[\"https:\/\/www.facebook.com\/SanchezAlcarazJamones\/\",\"https:\/\/x.com\/sanchezalcaraz_\",\"https:\/\/www.instagram.com\/sanchez_alcaraz\/\"]},{\"@type\":\"Person\",\"@id\":\"https:\/\/sanchezalcaraz.com\/#\/schema\/person\/613426cb0b8838fb43c8523433f4f5d6\",\"name\":\"Sanchez Alcaraz\"}]}<\/script>\n<!-- \/ Yoast SEO plugin. -->","yoast_head_json":{"title":"Jam\u00f3n Ib\u00e9rico como fuente de Prote\u00edna","robots":{"index":"index","follow":"follow","max-snippet":"max-snippet:-1","max-image-preview":"max-image-preview:large","max-video-preview":"max-video-preview:-1"},"canonical":"https:\/\/sanchezalcaraz.com\/en\/jamon-iberico-como-fuente-de-proteina\/","og_locale":"en_GB","og_type":"article","og_title":"Jam\u00f3n Ib\u00e9rico como fuente de Prote\u00edna","og_description":"Jam\u00f3n Ib\u00e9rico: la Fuente de Prote\u00edna que no puede faltar en tu dieta En la actualidad, la importancia de una alimentaci\u00f3n rica en prote\u00ednas es un tema clave en el mundo de la nutrici\u00f3n y el bienestar. Ya sea para mantener la masa muscular, mejorar...","og_url":"https:\/\/sanchezalcaraz.com\/en\/jamon-iberico-como-fuente-de-proteina\/","og_site_name":"Sanchez Alcaraz","article_publisher":"https:\/\/www.facebook.com\/SanchezAlcarazJamones\/","article_published_time":"2025-05-07T09:39:03+00:00","article_modified_time":"2025-05-07T09:41:06+00:00","og_image":[{"width":2560,"height":1704,"url":"https:\/\/sanchezalcaraz.com\/wp-content\/uploads\/2025\/05\/Jamon_iberico._dieta_proteina_mediterranea-scaled.jpeg","type":"image\/jpeg"}],"author":"Sanchez Alcaraz","twitter_card":"summary_large_image","twitter_creator":"@sanchezalcaraz_","twitter_site":"@sanchezalcaraz_","twitter_misc":{"Written by":"Sanchez Alcaraz","Estimated reading time":"4 minutes"},"schema":{"@context":"https:\/\/schema.org","@graph":[{"@type":"Article","@id":"https:\/\/sanchezalcaraz.com\/jamon-iberico-como-fuente-de-proteina\/#article","isPartOf":{"@id":"https:\/\/sanchezalcaraz.com\/jamon-iberico-como-fuente-de-proteina\/"},"author":{"name":"Sanchez Alcaraz","@id":"https:\/\/sanchezalcaraz.com\/#\/schema\/person\/613426cb0b8838fb43c8523433f4f5d6"},"headline":"Jam\u00f3n Ib\u00e9rico como fuente de Prote\u00edna","datePublished":"2025-05-07T09:39:03+00:00","dateModified":"2025-05-07T09:41:06+00:00","mainEntityOfPage":{"@id":"https:\/\/sanchezalcaraz.com\/jamon-iberico-como-fuente-de-proteina\/"},"wordCount":754,"commentCount":0,"publisher":{"@id":"https:\/\/sanchezalcaraz.com\/#organization"},"image":{"@id":"https:\/\/sanchezalcaraz.com\/jamon-iberico-como-fuente-de-proteina\/#primaryimage"},"thumbnailUrl":"https:\/\/sanchezalcaraz.com\/wp-content\/uploads\/2025\/05\/Jamon_iberico._dieta_proteina_mediterranea-scaled.jpeg","articleSection":["Blog"],"inLanguage":"en-GB","potentialAction":[{"@type":"CommentAction","name":"Comment","target":["https:\/\/sanchezalcaraz.com\/jamon-iberico-como-fuente-de-proteina\/#respond"]}]},{"@type":"WebPage","@id":"https:\/\/sanchezalcaraz.com\/jamon-iberico-como-fuente-de-proteina\/","url":"https:\/\/sanchezalcaraz.com\/jamon-iberico-como-fuente-de-proteina\/","name":"Jam\u00f3n Ib\u00e9rico como fuente de Prote\u00edna","isPartOf":{"@id":"https:\/\/sanchezalcaraz.com\/#website"},"primaryImageOfPage":{"@id":"https:\/\/sanchezalcaraz.com\/jamon-iberico-como-fuente-de-proteina\/#primaryimage"},"image":{"@id":"https:\/\/sanchezalcaraz.com\/jamon-iberico-como-fuente-de-proteina\/#primaryimage"},"thumbnailUrl":"https:\/\/sanchezalcaraz.com\/wp-content\/uploads\/2025\/05\/Jamon_iberico._dieta_proteina_mediterranea-scaled.jpeg","datePublished":"2025-05-07T09:39:03+00:00","dateModified":"2025-05-07T09:41:06+00:00","breadcrumb":{"@id":"https:\/\/sanchezalcaraz.com\/jamon-iberico-como-fuente-de-proteina\/#breadcrumb"},"inLanguage":"en-GB","potentialAction":[{"@type":"ReadAction","target":["https:\/\/sanchezalcaraz.com\/jamon-iberico-como-fuente-de-proteina\/"]}]},{"@type":"ImageObject","inLanguage":"en-GB","@id":"https:\/\/sanchezalcaraz.com\/jamon-iberico-como-fuente-de-proteina\/#primaryimage","url":"https:\/\/sanchezalcaraz.com\/wp-content\/uploads\/2025\/05\/Jamon_iberico._dieta_proteina_mediterranea-scaled.jpeg","contentUrl":"https:\/\/sanchezalcaraz.com\/wp-content\/uploads\/2025\/05\/Jamon_iberico._dieta_proteina_mediterranea-scaled.jpeg","width":2560,"height":1704,"caption":"Mature woman exercising with dumbbells at home, kneeling on a yoga mat in her living room, demonstrating a commitment to fitness and a healthy lifestyle"},{"@type":"BreadcrumbList","@id":"https:\/\/sanchezalcaraz.com\/jamon-iberico-como-fuente-de-proteina\/#breadcrumb","itemListElement":[{"@type":"ListItem","position":1,"name":"Portada","item":"https:\/\/sanchezalcaraz.com\/"},{"@type":"ListItem","position":2,"name":"Jam\u00f3n Ib\u00e9rico como fuente de Prote\u00edna"}]},{"@type":"WebSite","@id":"https:\/\/sanchezalcaraz.com\/#website","url":"https:\/\/sanchezalcaraz.com\/","name":"Sanchez Alcaraz","description":"","publisher":{"@id":"https:\/\/sanchezalcaraz.com\/#organization"},"potentialAction":[{"@type":"SearchAction","target":{"@type":"EntryPoint","urlTemplate":"https:\/\/sanchezalcaraz.com\/?s={search_term_string}"},"query-input":{"@type":"PropertyValueSpecification","valueRequired":true,"valueName":"search_term_string"}}],"inLanguage":"en-GB"},{"@type":"Organization","@id":"https:\/\/sanchezalcaraz.com\/#organization","name":"S\u00e1nchez Alcaraz","url":"https:\/\/sanchezalcaraz.com\/","logo":{"@type":"ImageObject","inLanguage":"en-GB","@id":"https:\/\/sanchezalcaraz.com\/#\/schema\/logo\/image\/","url":"https:\/\/sanchezalcaraz.com\/wp-content\/uploads\/2023\/04\/cabecera-sanchez-alcaraz-logo-nuevo.jpg","contentUrl":"https:\/\/sanchezalcaraz.com\/wp-content\/uploads\/2023\/04\/cabecera-sanchez-alcaraz-logo-nuevo.jpg","width":900,"height":600,"caption":"S\u00e1nchez Alcaraz"},"image":{"@id":"https:\/\/sanchezalcaraz.com\/#\/schema\/logo\/image\/"},"sameAs":["https:\/\/www.facebook.com\/SanchezAlcarazJamones\/","https:\/\/x.com\/sanchezalcaraz_","https:\/\/www.instagram.com\/sanchez_alcaraz\/"]},{"@type":"Person","@id":"https:\/\/sanchezalcaraz.com\/#\/schema\/person\/613426cb0b8838fb43c8523433f4f5d6","name":"Sanchez Alcaraz"}]}},"_links":{"self":[{"href":"https:\/\/sanchezalcaraz.com\/en\/wp-json\/wp\/v2\/posts\/8142","targetHints":{"allow":["GET"]}}],"collection":[{"href":"https:\/\/sanchezalcaraz.com\/en\/wp-json\/wp\/v2\/posts"}],"about":[{"href":"https:\/\/sanchezalcaraz.com\/en\/wp-json\/wp\/v2\/types\/post"}],"author":[{"embeddable":true,"href":"https:\/\/sanchezalcaraz.com\/en\/wp-json\/wp\/v2\/users\/867"}],"replies":[{"embeddable":true,"href":"https:\/\/sanchezalcaraz.com\/en\/wp-json\/wp\/v2\/comments?post=8142"}],"version-history":[{"count":2,"href":"https:\/\/sanchezalcaraz.com\/en\/wp-json\/wp\/v2\/posts\/8142\/revisions"}],"predecessor-version":[{"id":8145,"href":"https:\/\/sanchezalcaraz.com\/en\/wp-json\/wp\/v2\/posts\/8142\/revisions\/8145"}],"wp:featuredmedia":[{"embeddable":true,"href":"https:\/\/sanchezalcaraz.com\/en\/wp-json\/wp\/v2\/media\/8146"}],"wp:attachment":[{"href":"https:\/\/sanchezalcaraz.com\/en\/wp-json\/wp\/v2\/media?parent=8142"}],"wp:term":[{"taxonomy":"category","embeddable":true,"href":"https:\/\/sanchezalcaraz.com\/en\/wp-json\/wp\/v2\/categories?post=8142"},{"taxonomy":"post_tag","embeddable":true,"href":"https:\/\/sanchezalcaraz.com\/en\/wp-json\/wp\/v2\/tags?post=8142"}],"curies":[{"name":"wp","href":"https:\/\/api.w.org\/{rel}","templated":true}]}}