{"id":6910,"date":"2024-09-24T12:33:53","date_gmt":"2024-09-24T10:33:53","guid":{"rendered":"https:\/\/sanchezalcaraz.com\/?p=6910"},"modified":"2024-10-04T13:01:34","modified_gmt":"2024-10-04T11:01:34","slug":"importancia-bellota-jamon-iberico","status":"publish","type":"post","link":"https:\/\/sanchezalcaraz.com\/en\/importancia-bellota-jamon-iberico\/","title":{"rendered":"La importancia de la bellota en el jam\u00f3n ib\u00e9rico"},"content":{"rendered":"<p style=\"font-weight: 400;\">Con la montanera a la vuelta de la esquina, nos encontramos en la antesala de una de las \u00e9pocas m\u00e1s importantes para el jam\u00f3n ib\u00e9rico, y en esta ocasi\u00f3n queremos rendir homenaje a la verdadera reina de la temporada: la bellota.<\/p>\n<p style=\"font-weight: 400;\">La bellota, fruto de la encina y el alcornoque, es mucho m\u00e1s que un alimento natural en el ecosistema mediterr\u00e1neo; es la clave detr\u00e1s de uno de los productos m\u00e1s emblem\u00e1ticos de la gastronom\u00eda espa\u00f1ola: el jam\u00f3n ib\u00e9rico de bellota. Este peque\u00f1o fruto, rico en nutrientes y grasas saludables, transforma la carne del cerdo ib\u00e9rico, d\u00e1ndole una calidad y un sabor \u00fanicos que solo pueden obtenerse de su alimentaci\u00f3n exclusiva durante la montanera. La bellota es el v\u00ednculo esencial entre la naturaleza y la excelencia culinaria, otorgando al jam\u00f3n un car\u00e1cter inconfundible que lo distingue a nivel mundial.<\/p>\n<p style=\"font-weight: 400;\">El <a href=\"https:\/\/sanchezalcaraz.com\/en\/categorias\/cookie-policy-2\/\">jam\u00f3n ib\u00e9rico<\/a> es un producto ic\u00f3nico de la gastronom\u00eda espa\u00f1ola, famoso en todo el mundo por su sabor, textura y calidad inigualables. Sin embargo, lo que realmente marca la diferencia en el sabor de un buen jam\u00f3n ib\u00e9rico es la alimentaci\u00f3n del cerdo, y en este aspecto, la bellota juega un papel crucial. <strong>\u00bfPor qu\u00e9 es tan importante la bellota en el proceso de producci\u00f3n del jam\u00f3n?<\/strong><\/p>\n<h2 style=\"font-weight: 400;\"><strong>La Alimentaci\u00f3n Natural del Cerdo Ib\u00e9rico<\/strong><\/h2>\n<p style=\"font-weight: 400;\">Los cerdos ib\u00e9ricos que producen los mejores jamones, conocidos como <strong>jamones ib\u00e9ricos de bellota<\/strong>, se cr\u00edan en libertad en las dehesas, vastas praderas de encinas y alcornoques que se encuentran en el suroeste de la pen\u00ednsula ib\u00e9rica. En este entorno natural, los cerdos se alimentan principalmente de bellotas durante la <strong>montanera<\/strong>, que es el periodo de engorde que va, aproximadamente, de octubre a febrero.<\/p>\n<p style=\"font-weight: 400;\">Las bellotas proporcionan a los cerdos una dieta rica en <strong>\u00e1cidos grasos oleicos<\/strong>, el mismo tipo de grasa que se encuentra en el aceite de oliva, lo que contribuye a la textura sedosa y el sabor suave y profundo del jam\u00f3n. Este tipo de grasa tambi\u00e9n es beneficiosa para la salud humana, pues se ha demostrado que ayuda a reducir los niveles de colesterol LDL (malo) y aumenta el colesterol HDL (bueno).<\/p>\n<p><img loading=\"lazy\" decoding=\"async\" class=\"aligncenter wp-image-6912 size-full\" src=\"https:\/\/sanchezalcaraz.com\/wp-content\/uploads\/2024\/09\/Imagen-1-e1728039594557.jpg\" alt=\"de que se alimentan cerdos ibericos \" width=\"900\" height=\"542\" \/><\/p>\n<h2 style=\"font-weight: 400;\"><strong>El Sabor \u00danico del Jam\u00f3n Ib\u00e9rico de Bellota<\/strong><\/h2>\n<p style=\"font-weight: 400;\">El consumo de bellotas no solo mejora la calidad de la grasa del cerdo, sino que tambi\u00e9n influye directamente en el <strong>perfil sensorial del jam\u00f3n<\/strong>. La grasa infiltra lentamente las fibras musculares, dando lugar a una carne m\u00e1s jugosa, con un sabor profundo y matices que recuerdan a frutos secos y hierbas. Este sabor se complementa con el proceso de curado, que puede durar entre 24 y 36 meses, durante el cual el jam\u00f3n desarrolla una complejidad de sabores inigualable.<\/p>\n<p style=\"font-weight: 400;\">La bellota, al ser rica en hidratos de carbono y grasas saludables, aporta la energ\u00eda que el cerdo necesita para aumentar su peso de manera natural, sin necesidad de suplementos artificiales. Esto no solo asegura un crecimiento controlado, sino que tambi\u00e9n influye en la <strong>calidad de la carne<\/strong> que se obtiene.<\/p>\n<h2 style=\"font-weight: 400;\"><strong>La Diferencia Entre Jam\u00f3n de Cebo y Jam\u00f3n de Bellota<\/strong><\/h2>\n<p style=\"font-weight: 400;\">No todos los jamones ib\u00e9ricos son iguales. El <strong>jam\u00f3n de cebo ib\u00e9rico<\/strong> proviene de cerdos que han sido alimentados con piensos y cereales, mientras que el <strong>jam\u00f3n ib\u00e9rico de bellota<\/strong> es el resultado de una alimentaci\u00f3n 100% natural basada en bellotas y pastos. Esta distinci\u00f3n es crucial, ya que el jam\u00f3n de bellota tiene una <strong>calidad superior<\/strong>, tanto en sabor como en valor nutricional.<\/p>\n<p style=\"font-weight: 400;\">La carne de los cerdos alimentados con bellotas es, generalmente, m\u00e1s oscura, con una infiltraci\u00f3n de grasa m\u00e1s homog\u00e9nea y sabor m\u00e1s profundo y prolongado en boca, mientras que el jam\u00f3n de cebo tiende a ser menos arom\u00e1tico y menos complejo en cuanto a textura.<\/p>\n<p><img loading=\"lazy\" decoding=\"async\" class=\"wp-image-6913 aligncenter\" src=\"https:\/\/sanchezalcaraz.com\/wp-content\/uploads\/2024\/09\/Imagen-2.jpg\" alt=\"diferencia entre jamon de cebo y jamon de bellota\" width=\"900\" height=\"597\" srcset=\"https:\/\/sanchezalcaraz.com\/wp-content\/uploads\/2024\/09\/Imagen-2.jpg 1381w, https:\/\/sanchezalcaraz.com\/wp-content\/uploads\/2024\/09\/Imagen-2-768x509.jpg 768w, https:\/\/sanchezalcaraz.com\/wp-content\/uploads\/2024\/09\/Imagen-2-18x12.jpg 18w, https:\/\/sanchezalcaraz.com\/wp-content\/uploads\/2024\/09\/Imagen-2-700x464.jpg 700w, https:\/\/sanchezalcaraz.com\/wp-content\/uploads\/2024\/09\/Imagen-2-960x637.jpg 960w, https:\/\/sanchezalcaraz.com\/wp-content\/uploads\/2024\/09\/Imagen-2-800x531.jpg 800w\" sizes=\"auto, (max-width: 900px) 100vw, 900px\" \/><\/p>\n<h2 style=\"font-weight: 400;\"><strong>El Impacto en la Sostenibilidad y el Medio Ambiente<\/strong><\/h2>\n<p style=\"font-weight: 400;\">El valor de la bellota no es solo gastron\u00f3mico, sino tambi\u00e9n ecol\u00f3gico. Las dehesas donde se cr\u00edan los cerdos ib\u00e9ricos son ecosistemas \u00fanicos, que combinan la ganader\u00eda extensiva con la conservaci\u00f3n del medio ambiente. Al permitir que los cerdos se alimenten libremente en estos espacios, se promueve un modelo de <strong>ganader\u00eda sostenible<\/strong>, que ayuda a preservar la biodiversidad de la flora y fauna local.<\/p>\n<p><span style=\"font-weight: 400;\">Adem\u00e1s, la explotaci\u00f3n de las dehesas es esencial para la econom\u00eda rural en muchas regiones de Espa\u00f1a, manteniendo vivas tradiciones ancestrales y favoreciendo la conservaci\u00f3n de estos paisajes.<\/span><\/p>\n<p><img loading=\"lazy\" decoding=\"async\" class=\"wp-image-6914 aligncenter\" src=\"https:\/\/sanchezalcaraz.com\/wp-content\/uploads\/2024\/09\/Imagen-4.jpg\" alt=\"jamon de bellota\" width=\"900\" height=\"602\" srcset=\"https:\/\/sanchezalcaraz.com\/wp-content\/uploads\/2024\/09\/Imagen-4.jpg 1170w, https:\/\/sanchezalcaraz.com\/wp-content\/uploads\/2024\/09\/Imagen-4-768x513.jpg 768w, https:\/\/sanchezalcaraz.com\/wp-content\/uploads\/2024\/09\/Imagen-4-18x12.jpg 18w, https:\/\/sanchezalcaraz.com\/wp-content\/uploads\/2024\/09\/Imagen-4-700x468.jpg 700w, https:\/\/sanchezalcaraz.com\/wp-content\/uploads\/2024\/09\/Imagen-4-960x642.jpg 960w, https:\/\/sanchezalcaraz.com\/wp-content\/uploads\/2024\/09\/Imagen-4-800x535.jpg 800w\" sizes=\"auto, (max-width: 900px) 100vw, 900px\" \/><\/p>\n<h2 style=\"font-weight: 400;\"><strong>\u00a0<\/strong><strong>\u00bfD\u00f3nde comprar un buen jam\u00f3n ib\u00e9rico de bellota?<\/strong><\/h2>\n<p style=\"font-weight: 400;\">Si deseas disfrutar de lo mejor de la gastronom\u00eda espa\u00f1ola, en nuestra <a href=\"https:\/\/sanchezalcaraz.com\/en\/online-shop\/\">tienda online<\/a> encontrar\u00e1s una selecci\u00f3n de productos de la m\u00e1s alta calidad. En S\u00e1nchez Alcaraz, nos enorgullece ofrecer jamones y embutidos que respetan las tradiciones de la dehesa y el proceso artesanal de curaci\u00f3n, asegurando que cada pieza lleve consigo el sabor aut\u00e9ntico de la montanera. Con todas las garant\u00edas de origen y trazabilidad, te ofrecemos la oportunidad de disfrutar en tu mesa de un producto lleno de tradici\u00f3n.<\/p>\n<h2><strong>Conclusi\u00f3n<\/strong><\/h2>\n<p style=\"font-weight: 400;\">La bellota es, sin lugar a dudas, el factor diferencial que convierte al jam\u00f3n ib\u00e9rico en un aut\u00e9ntico tesoro gastron\u00f3mico. No solo influye en el sabor y la calidad del producto final, sino que tambi\u00e9n tiene beneficios para la salud y el medio ambiente. Cada vez que se disfruta de una loncha de jam\u00f3n ib\u00e9rico de bellota, se est\u00e1 degustando el fruto de un proceso natural que ha pasado de generaci\u00f3n en generaci\u00f3n, respetando la tradici\u00f3n y la naturaleza.<\/p>\n<p style=\"font-weight: 400;\">El jam\u00f3n ib\u00e9rico de bellota no es solo un alimento, es una experiencia sensorial que conecta al consumidor con la tierra, la historia y la cultura de Espa\u00f1a.<\/p>\n<h2 style=\"font-weight: 400;\"><\/h2>","protected":false},"excerpt":{"rendered":"<p>Con la montanera a la vuelta de la esquina, nos encontramos en la antesala de una de las \u00e9pocas m\u00e1s importantes para el jam\u00f3n ib\u00e9rico, y en esta ocasi\u00f3n queremos rendir homenaje a la verdadera reina de la temporada: la bellota. La bellota, fruto de&#8230;<\/p>","protected":false},"author":2,"featured_media":6911,"comment_status":"open","ping_status":"open","sticky":false,"template":"","format":"standard","meta":{"footnotes":""},"categories":[1],"tags":[],"class_list":["post-6910","post","type-post","status-publish","format-standard","has-post-thumbnail","hentry","category-noticias-blog"],"yoast_head":"<!-- This site is optimized with the Yoast SEO plugin v24.3 - https:\/\/yoast.com\/wordpress\/plugins\/seo\/ -->\n<title>La importancia de la bellota en el jam\u00f3n ib\u00e9rico - Sanchez Alcaraz<\/title>\n<meta name=\"description\" content=\"Descubre en este art\u00edculo la importancia de la bellota en el jam\u00f3n ib\u00e9rico. Consejos por expertos en jamones ib\u00e9ricos y embutidos.\" \/>\n<meta name=\"robots\" content=\"index, follow, max-snippet:-1, max-image-preview:large, max-video-preview:-1\" \/>\n<link rel=\"canonical\" href=\"https:\/\/sanchezalcaraz.com\/en\/importancia-bellota-jamon-iberico\/\" \/>\n<meta property=\"og:locale\" content=\"en_GB\" \/>\n<meta property=\"og:type\" content=\"article\" \/>\n<meta property=\"og:title\" content=\"La importancia de la bellota en el jam\u00f3n ib\u00e9rico - Sanchez Alcaraz\" \/>\n<meta property=\"og:description\" content=\"Descubre en este art\u00edculo la importancia de la bellota en el jam\u00f3n ib\u00e9rico. Consejos por expertos en jamones ib\u00e9ricos y embutidos.\" \/>\n<meta property=\"og:url\" content=\"https:\/\/sanchezalcaraz.com\/en\/importancia-bellota-jamon-iberico\/\" \/>\n<meta property=\"og:site_name\" content=\"Sanchez Alcaraz\" \/>\n<meta property=\"article:publisher\" content=\"https:\/\/www.facebook.com\/SanchezAlcarazJamones\/\" \/>\n<meta property=\"article:published_time\" content=\"2024-09-24T10:33:53+00:00\" \/>\n<meta property=\"article:modified_time\" content=\"2024-10-04T11:01:34+00:00\" \/>\n<meta property=\"og:image\" content=\"https:\/\/sanchezalcaraz.com\/wp-content\/uploads\/2024\/09\/La-Importancia-de-la-bellota-en-el-jamon-iberico--e1726569898933.jpg\" \/>\n\t<meta property=\"og:image:width\" content=\"900\" \/>\n\t<meta property=\"og:image:height\" content=\"600\" \/>\n\t<meta property=\"og:image:type\" content=\"image\/jpeg\" \/>\n<meta name=\"author\" content=\"Marta Espinosa\" \/>\n<meta name=\"twitter:card\" content=\"summary_large_image\" \/>\n<meta name=\"twitter:creator\" content=\"@sanchezalcaraz_\" \/>\n<meta name=\"twitter:site\" content=\"@sanchezalcaraz_\" \/>\n<meta name=\"twitter:label1\" content=\"Written by\" \/>\n\t<meta name=\"twitter:data1\" content=\"Marta Espinosa\" \/>\n\t<meta name=\"twitter:label2\" content=\"Estimated reading time\" \/>\n\t<meta name=\"twitter:data2\" content=\"5 minutes\" \/>\n<script type=\"application\/ld+json\" class=\"yoast-schema-graph\">{\"@context\":\"https:\/\/schema.org\",\"@graph\":[{\"@type\":\"Article\",\"@id\":\"https:\/\/sanchezalcaraz.com\/importancia-bellota-jamon-iberico\/#article\",\"isPartOf\":{\"@id\":\"https:\/\/sanchezalcaraz.com\/importancia-bellota-jamon-iberico\/\"},\"author\":{\"name\":\"Marta Espinosa\",\"@id\":\"https:\/\/sanchezalcaraz.com\/#\/schema\/person\/ac6e06761d43d6d9f2ac7f7aaea04668\"},\"headline\":\"La importancia de la bellota en el jam\u00f3n ib\u00e9rico\",\"datePublished\":\"2024-09-24T10:33:53+00:00\",\"dateModified\":\"2024-10-04T11:01:34+00:00\",\"mainEntityOfPage\":{\"@id\":\"https:\/\/sanchezalcaraz.com\/importancia-bellota-jamon-iberico\/\"},\"wordCount\":1017,\"commentCount\":0,\"publisher\":{\"@id\":\"https:\/\/sanchezalcaraz.com\/#organization\"},\"image\":{\"@id\":\"https:\/\/sanchezalcaraz.com\/importancia-bellota-jamon-iberico\/#primaryimage\"},\"thumbnailUrl\":\"https:\/\/sanchezalcaraz.com\/wp-content\/uploads\/2024\/09\/La-Importancia-de-la-bellota-en-el-jamon-iberico--e1726569898933.jpg\",\"articleSection\":[\"Blog\"],\"inLanguage\":\"en-GB\",\"potentialAction\":[{\"@type\":\"CommentAction\",\"name\":\"Comment\",\"target\":[\"https:\/\/sanchezalcaraz.com\/importancia-bellota-jamon-iberico\/#respond\"]}]},{\"@type\":\"WebPage\",\"@id\":\"https:\/\/sanchezalcaraz.com\/importancia-bellota-jamon-iberico\/\",\"url\":\"https:\/\/sanchezalcaraz.com\/importancia-bellota-jamon-iberico\/\",\"name\":\"La importancia de la bellota en el jam\u00f3n ib\u00e9rico - Sanchez Alcaraz\",\"isPartOf\":{\"@id\":\"https:\/\/sanchezalcaraz.com\/#website\"},\"primaryImageOfPage\":{\"@id\":\"https:\/\/sanchezalcaraz.com\/importancia-bellota-jamon-iberico\/#primaryimage\"},\"image\":{\"@id\":\"https:\/\/sanchezalcaraz.com\/importancia-bellota-jamon-iberico\/#primaryimage\"},\"thumbnailUrl\":\"https:\/\/sanchezalcaraz.com\/wp-content\/uploads\/2024\/09\/La-Importancia-de-la-bellota-en-el-jamon-iberico--e1726569898933.jpg\",\"datePublished\":\"2024-09-24T10:33:53+00:00\",\"dateModified\":\"2024-10-04T11:01:34+00:00\",\"description\":\"Descubre en este art\u00edculo la importancia de la bellota en el jam\u00f3n ib\u00e9rico. Consejos por expertos en jamones ib\u00e9ricos y embutidos.\",\"breadcrumb\":{\"@id\":\"https:\/\/sanchezalcaraz.com\/importancia-bellota-jamon-iberico\/#breadcrumb\"},\"inLanguage\":\"en-GB\",\"potentialAction\":[{\"@type\":\"ReadAction\",\"target\":[\"https:\/\/sanchezalcaraz.com\/importancia-bellota-jamon-iberico\/\"]}]},{\"@type\":\"ImageObject\",\"inLanguage\":\"en-GB\",\"@id\":\"https:\/\/sanchezalcaraz.com\/importancia-bellota-jamon-iberico\/#primaryimage\",\"url\":\"https:\/\/sanchezalcaraz.com\/wp-content\/uploads\/2024\/09\/La-Importancia-de-la-bellota-en-el-jamon-iberico--e1726569898933.jpg\",\"contentUrl\":\"https:\/\/sanchezalcaraz.com\/wp-content\/uploads\/2024\/09\/La-Importancia-de-la-bellota-en-el-jamon-iberico--e1726569898933.jpg\",\"width\":900,\"height\":600,\"caption\":\"jamon iberico de bellota\"},{\"@type\":\"BreadcrumbList\",\"@id\":\"https:\/\/sanchezalcaraz.com\/importancia-bellota-jamon-iberico\/#breadcrumb\",\"itemListElement\":[{\"@type\":\"ListItem\",\"position\":1,\"name\":\"Portada\",\"item\":\"https:\/\/sanchezalcaraz.com\/\"},{\"@type\":\"ListItem\",\"position\":2,\"name\":\"La importancia de la bellota en el jam\u00f3n ib\u00e9rico\"}]},{\"@type\":\"WebSite\",\"@id\":\"https:\/\/sanchezalcaraz.com\/#website\",\"url\":\"https:\/\/sanchezalcaraz.com\/\",\"name\":\"Sanchez Alcaraz\",\"description\":\"\",\"publisher\":{\"@id\":\"https:\/\/sanchezalcaraz.com\/#organization\"},\"potentialAction\":[{\"@type\":\"SearchAction\",\"target\":{\"@type\":\"EntryPoint\",\"urlTemplate\":\"https:\/\/sanchezalcaraz.com\/?s={search_term_string}\"},\"query-input\":{\"@type\":\"PropertyValueSpecification\",\"valueRequired\":true,\"valueName\":\"search_term_string\"}}],\"inLanguage\":\"en-GB\"},{\"@type\":\"Organization\",\"@id\":\"https:\/\/sanchezalcaraz.com\/#organization\",\"name\":\"S\u00e1nchez Alcaraz\",\"url\":\"https:\/\/sanchezalcaraz.com\/\",\"logo\":{\"@type\":\"ImageObject\",\"inLanguage\":\"en-GB\",\"@id\":\"https:\/\/sanchezalcaraz.com\/#\/schema\/logo\/image\/\",\"url\":\"https:\/\/sanchezalcaraz.com\/wp-content\/uploads\/2023\/04\/cabecera-sanchez-alcaraz-logo-nuevo.jpg\",\"contentUrl\":\"https:\/\/sanchezalcaraz.com\/wp-content\/uploads\/2023\/04\/cabecera-sanchez-alcaraz-logo-nuevo.jpg\",\"width\":900,\"height\":600,\"caption\":\"S\u00e1nchez Alcaraz\"},\"image\":{\"@id\":\"https:\/\/sanchezalcaraz.com\/#\/schema\/logo\/image\/\"},\"sameAs\":[\"https:\/\/www.facebook.com\/SanchezAlcarazJamones\/\",\"https:\/\/x.com\/sanchezalcaraz_\",\"https:\/\/www.instagram.com\/sanchez_alcaraz\/\"]},{\"@type\":\"Person\",\"@id\":\"https:\/\/sanchezalcaraz.com\/#\/schema\/person\/ac6e06761d43d6d9f2ac7f7aaea04668\",\"name\":\"Marta Espinosa\"}]}<\/script>\n<!-- \/ Yoast SEO plugin. -->","yoast_head_json":{"title":"La importancia de la bellota en el jam\u00f3n ib\u00e9rico - Sanchez Alcaraz","description":"Descubre en este art\u00edculo la importancia de la bellota en el jam\u00f3n ib\u00e9rico. Consejos por expertos en jamones ib\u00e9ricos y embutidos.","robots":{"index":"index","follow":"follow","max-snippet":"max-snippet:-1","max-image-preview":"max-image-preview:large","max-video-preview":"max-video-preview:-1"},"canonical":"https:\/\/sanchezalcaraz.com\/en\/importancia-bellota-jamon-iberico\/","og_locale":"en_GB","og_type":"article","og_title":"La importancia de la bellota en el jam\u00f3n ib\u00e9rico - Sanchez Alcaraz","og_description":"Descubre en este art\u00edculo la importancia de la bellota en el jam\u00f3n ib\u00e9rico. Consejos por expertos en jamones ib\u00e9ricos y embutidos.","og_url":"https:\/\/sanchezalcaraz.com\/en\/importancia-bellota-jamon-iberico\/","og_site_name":"Sanchez Alcaraz","article_publisher":"https:\/\/www.facebook.com\/SanchezAlcarazJamones\/","article_published_time":"2024-09-24T10:33:53+00:00","article_modified_time":"2024-10-04T11:01:34+00:00","og_image":[{"width":900,"height":600,"url":"https:\/\/sanchezalcaraz.com\/wp-content\/uploads\/2024\/09\/La-Importancia-de-la-bellota-en-el-jamon-iberico--e1726569898933.jpg","type":"image\/jpeg"}],"author":"Marta Espinosa","twitter_card":"summary_large_image","twitter_creator":"@sanchezalcaraz_","twitter_site":"@sanchezalcaraz_","twitter_misc":{"Written by":"Marta Espinosa","Estimated reading time":"5 minutes"},"schema":{"@context":"https:\/\/schema.org","@graph":[{"@type":"Article","@id":"https:\/\/sanchezalcaraz.com\/importancia-bellota-jamon-iberico\/#article","isPartOf":{"@id":"https:\/\/sanchezalcaraz.com\/importancia-bellota-jamon-iberico\/"},"author":{"name":"Marta Espinosa","@id":"https:\/\/sanchezalcaraz.com\/#\/schema\/person\/ac6e06761d43d6d9f2ac7f7aaea04668"},"headline":"La importancia de la bellota en el jam\u00f3n ib\u00e9rico","datePublished":"2024-09-24T10:33:53+00:00","dateModified":"2024-10-04T11:01:34+00:00","mainEntityOfPage":{"@id":"https:\/\/sanchezalcaraz.com\/importancia-bellota-jamon-iberico\/"},"wordCount":1017,"commentCount":0,"publisher":{"@id":"https:\/\/sanchezalcaraz.com\/#organization"},"image":{"@id":"https:\/\/sanchezalcaraz.com\/importancia-bellota-jamon-iberico\/#primaryimage"},"thumbnailUrl":"https:\/\/sanchezalcaraz.com\/wp-content\/uploads\/2024\/09\/La-Importancia-de-la-bellota-en-el-jamon-iberico--e1726569898933.jpg","articleSection":["Blog"],"inLanguage":"en-GB","potentialAction":[{"@type":"CommentAction","name":"Comment","target":["https:\/\/sanchezalcaraz.com\/importancia-bellota-jamon-iberico\/#respond"]}]},{"@type":"WebPage","@id":"https:\/\/sanchezalcaraz.com\/importancia-bellota-jamon-iberico\/","url":"https:\/\/sanchezalcaraz.com\/importancia-bellota-jamon-iberico\/","name":"La importancia de la bellota en el jam\u00f3n ib\u00e9rico - Sanchez Alcaraz","isPartOf":{"@id":"https:\/\/sanchezalcaraz.com\/#website"},"primaryImageOfPage":{"@id":"https:\/\/sanchezalcaraz.com\/importancia-bellota-jamon-iberico\/#primaryimage"},"image":{"@id":"https:\/\/sanchezalcaraz.com\/importancia-bellota-jamon-iberico\/#primaryimage"},"thumbnailUrl":"https:\/\/sanchezalcaraz.com\/wp-content\/uploads\/2024\/09\/La-Importancia-de-la-bellota-en-el-jamon-iberico--e1726569898933.jpg","datePublished":"2024-09-24T10:33:53+00:00","dateModified":"2024-10-04T11:01:34+00:00","description":"Descubre en este art\u00edculo la importancia de la bellota en el jam\u00f3n ib\u00e9rico. Consejos por expertos en jamones ib\u00e9ricos y embutidos.","breadcrumb":{"@id":"https:\/\/sanchezalcaraz.com\/importancia-bellota-jamon-iberico\/#breadcrumb"},"inLanguage":"en-GB","potentialAction":[{"@type":"ReadAction","target":["https:\/\/sanchezalcaraz.com\/importancia-bellota-jamon-iberico\/"]}]},{"@type":"ImageObject","inLanguage":"en-GB","@id":"https:\/\/sanchezalcaraz.com\/importancia-bellota-jamon-iberico\/#primaryimage","url":"https:\/\/sanchezalcaraz.com\/wp-content\/uploads\/2024\/09\/La-Importancia-de-la-bellota-en-el-jamon-iberico--e1726569898933.jpg","contentUrl":"https:\/\/sanchezalcaraz.com\/wp-content\/uploads\/2024\/09\/La-Importancia-de-la-bellota-en-el-jamon-iberico--e1726569898933.jpg","width":900,"height":600,"caption":"jamon iberico de bellota"},{"@type":"BreadcrumbList","@id":"https:\/\/sanchezalcaraz.com\/importancia-bellota-jamon-iberico\/#breadcrumb","itemListElement":[{"@type":"ListItem","position":1,"name":"Portada","item":"https:\/\/sanchezalcaraz.com\/"},{"@type":"ListItem","position":2,"name":"La importancia de la bellota en el jam\u00f3n ib\u00e9rico"}]},{"@type":"WebSite","@id":"https:\/\/sanchezalcaraz.com\/#website","url":"https:\/\/sanchezalcaraz.com\/","name":"Sanchez Alcaraz","description":"","publisher":{"@id":"https:\/\/sanchezalcaraz.com\/#organization"},"potentialAction":[{"@type":"SearchAction","target":{"@type":"EntryPoint","urlTemplate":"https:\/\/sanchezalcaraz.com\/?s={search_term_string}"},"query-input":{"@type":"PropertyValueSpecification","valueRequired":true,"valueName":"search_term_string"}}],"inLanguage":"en-GB"},{"@type":"Organization","@id":"https:\/\/sanchezalcaraz.com\/#organization","name":"S\u00e1nchez Alcaraz","url":"https:\/\/sanchezalcaraz.com\/","logo":{"@type":"ImageObject","inLanguage":"en-GB","@id":"https:\/\/sanchezalcaraz.com\/#\/schema\/logo\/image\/","url":"https:\/\/sanchezalcaraz.com\/wp-content\/uploads\/2023\/04\/cabecera-sanchez-alcaraz-logo-nuevo.jpg","contentUrl":"https:\/\/sanchezalcaraz.com\/wp-content\/uploads\/2023\/04\/cabecera-sanchez-alcaraz-logo-nuevo.jpg","width":900,"height":600,"caption":"S\u00e1nchez Alcaraz"},"image":{"@id":"https:\/\/sanchezalcaraz.com\/#\/schema\/logo\/image\/"},"sameAs":["https:\/\/www.facebook.com\/SanchezAlcarazJamones\/","https:\/\/x.com\/sanchezalcaraz_","https:\/\/www.instagram.com\/sanchez_alcaraz\/"]},{"@type":"Person","@id":"https:\/\/sanchezalcaraz.com\/#\/schema\/person\/ac6e06761d43d6d9f2ac7f7aaea04668","name":"Marta Espinosa"}]}},"_links":{"self":[{"href":"https:\/\/sanchezalcaraz.com\/en\/wp-json\/wp\/v2\/posts\/6910","targetHints":{"allow":["GET"]}}],"collection":[{"href":"https:\/\/sanchezalcaraz.com\/en\/wp-json\/wp\/v2\/posts"}],"about":[{"href":"https:\/\/sanchezalcaraz.com\/en\/wp-json\/wp\/v2\/types\/post"}],"author":[{"embeddable":true,"href":"https:\/\/sanchezalcaraz.com\/en\/wp-json\/wp\/v2\/users\/2"}],"replies":[{"embeddable":true,"href":"https:\/\/sanchezalcaraz.com\/en\/wp-json\/wp\/v2\/comments?post=6910"}],"version-history":[{"count":3,"href":"https:\/\/sanchezalcaraz.com\/en\/wp-json\/wp\/v2\/posts\/6910\/revisions"}],"predecessor-version":[{"id":6985,"href":"https:\/\/sanchezalcaraz.com\/en\/wp-json\/wp\/v2\/posts\/6910\/revisions\/6985"}],"wp:featuredmedia":[{"embeddable":true,"href":"https:\/\/sanchezalcaraz.com\/en\/wp-json\/wp\/v2\/media\/6911"}],"wp:attachment":[{"href":"https:\/\/sanchezalcaraz.com\/en\/wp-json\/wp\/v2\/media?parent=6910"}],"wp:term":[{"taxonomy":"category","embeddable":true,"href":"https:\/\/sanchezalcaraz.com\/en\/wp-json\/wp\/v2\/categories?post=6910"},{"taxonomy":"post_tag","embeddable":true,"href":"https:\/\/sanchezalcaraz.com\/en\/wp-json\/wp\/v2\/tags?post=6910"}],"curies":[{"name":"wp","href":"https:\/\/api.w.org\/{rel}","templated":true}]}}