{"id":4984,"date":"2023-07-27T07:50:10","date_gmt":"2023-07-27T05:50:10","guid":{"rendered":"https:\/\/sanchezalcaraz.com\/?p=4984"},"modified":"2023-08-29T13:19:38","modified_gmt":"2023-08-29T11:19:38","slug":"congelar-embutidos-que-necesitas-saber-para-conservar-charcuteria","status":"publish","type":"post","link":"https:\/\/sanchezalcaraz.com\/en\/congelar-embutidos-que-necesitas-saber-para-conservar-charcuteria\/","title":{"rendered":"Congelar embutidos: todo lo que necesitas saber para conservar tu charcuter\u00eda"},"content":{"rendered":"<p><em>A veces nos emocionamos demasiado en el supermercado, tenemos invitados y calculamos de m\u00e1s o nos sobran algunos productos que no queremos desperdiciar, y surgen las preguntas: \u00bfpodemos congelarlo? \u00bfSe pondr\u00e1 malo? Si lo puedo guardar, \u00bfcu\u00e1nto tiempo puede estar en el congelador? \u00a1No te preocupes, aqu\u00ed te contaremos todo lo que necesitas saber sobre el embutido y su congelaci\u00f3n!<\/em><\/p>\n<p>\u00a1Gu\u00e1rdalo en marcadores, a lo mejor hay suerte y estas navidades tienes cesta de sobra!<\/p>\n<h2><strong>\u00bfSe pueden congelar los embutidos?<\/strong><\/h2>\n<p><strong>\u00a1La respuesta es s\u00ed!<\/strong> Sin embargo, es importante mencionar que no todos los embutidos se congelan de la misma manera. Algunos, como el chorizo, son excelentes candidatos para la congelaci\u00f3n, ya que no pierden <em>casi <\/em>ninguna de sus deliciosas cualidades. Otros, como el jam\u00f3n ib\u00e9rico de bellota, pueden perder <em>una peque\u00f1a parte <\/em>de su textura y sabor distintivos.<\/p>\n<p><strong><img loading=\"lazy\" decoding=\"async\" class=\"size-full wp-image-4985 aligncenter\" src=\"https:\/\/sanchezalcaraz.com\/wp-content\/uploads\/2023\/07\/que-alimentos-se-pueden-congelar.jpg\" alt=\"que alimentos se pueden congelar\" width=\"900\" height=\"600\" srcset=\"https:\/\/sanchezalcaraz.com\/wp-content\/uploads\/2023\/07\/que-alimentos-se-pueden-congelar.jpg 900w, https:\/\/sanchezalcaraz.com\/wp-content\/uploads\/2023\/07\/que-alimentos-se-pueden-congelar-768x512.jpg 768w, https:\/\/sanchezalcaraz.com\/wp-content\/uploads\/2023\/07\/que-alimentos-se-pueden-congelar-18x12.jpg 18w, https:\/\/sanchezalcaraz.com\/wp-content\/uploads\/2023\/07\/que-alimentos-se-pueden-congelar-700x467.jpg 700w, https:\/\/sanchezalcaraz.com\/wp-content\/uploads\/2023\/07\/que-alimentos-se-pueden-congelar-800x533.jpg 800w\" sizes=\"auto, (max-width: 900px) 100vw, 900px\" \/><\/strong><\/p>\n<h3><strong>\u00bfCu\u00e1nto tiempo puede estar congelado un embutido?<\/strong><\/h3>\n<p><em>La pregunta del mill\u00f3n:<\/em> bueno, la respuesta puede variar seg\u00fan el tipo de embutido y la temperatura de tu congelador. En general, la mayor\u00eda de los embutidos pueden mantenerse en buen estado durante unos 2 o 3 meses. Sin embargo, es importante destacar que la calidad puede deteriorarse gradualmente con el tiempo, as\u00ed <strong>que intenta consumirlos lo antes posible<\/strong> para disfrutar al m\u00e1ximo su sabor original.<\/p>\n<h3><strong>\u00bfInfluye el congelador a la hora de congelar el embutido? <\/strong><\/h3>\n<p><b>\u00a1Totalmente!<\/b> La potencia del congelador a veces no se tiene en cuenta, pero la capacidad de enfriar es fundamental, a m\u00e1s estrellas, m\u00e1s r\u00e1pido congela y mejor es este proceso para la comida.<\/p>\n<div id=\"attachment_4986\" style=\"width: 590px\" class=\"wp-caption aligncenter\"><img loading=\"lazy\" decoding=\"async\" aria-describedby=\"caption-attachment-4986\" class=\"wp-image-4986 size-full\" src=\"https:\/\/sanchezalcaraz.com\/wp-content\/uploads\/2023\/07\/estrellas-e1693307963143.jpg\" alt=\"estrellas congelador\" width=\"580\" height=\"301\" \/><p id=\"caption-attachment-4986\" class=\"wp-caption-text\">https:\/\/www.blogseguridadalimentaria.es\/estrellas-del-congelador\/<\/p><\/div>\n<p>&nbsp;<\/p>\n<p>De la misma manera, a la hora de descongelar, ser\u00eda recomendable hacerlo en la nevera para as\u00ed evitar la proliferaci\u00f3n de bacterias.<\/p>\n<h2><strong>\u00bfQu\u00e9 sucede si congelo charcuter\u00eda?<\/strong><\/h2>\n<p>Cuando congelas charcuter\u00eda, como embutidos y fiambres, ocurren algunos cambios en su textura y sabor debido a la formaci\u00f3n de cristales de hielo. \u00c9stos, pueden afectar la textura original del embutido, volvi\u00e9ndolo un poco m\u00e1s quebradizo o seco al descongelarse. Tambi\u00e9n es posible que los sabores se vean ligeramente alterados, aunque esto puede variar seg\u00fan el tipo de embutido y su composici\u00f3n.<\/p>\n<p>A pesar de estos cambios, la congelaci\u00f3n es una excelente manera de prolongar la vida \u00fatil de tus embutidos y evitar el desperdicio de alimentos. Adem\u00e1s, si sigues <em>las recomendaciones adecuadas,<\/em> puedes minimizar los efectos negativos y disfrutar de tus embutidos descongelados <strong>sin problemas.<\/strong><\/p>\n<h3><strong>\u00bfCu\u00e1les son las ventajas y desventajas si congelo embutido?<\/strong><\/h3>\n<p>En resumen, aqu\u00ed te presento algunas ventajas y desventajas de congelar embutido:<\/p>\n<h4><strong><u>Ventajas de congelar embutido:<\/u><\/strong><\/h4>\n<ol>\n<li><b>Conservaci\u00f3n prolongada:<\/b> al congelar el producto, puedes extender su vida \u00fatil, permiti\u00e9ndote disfrutarlo incluso despu\u00e9s de semanas o meses.<\/li>\n<li><b>Disponibilidad siempre:<\/b> Al tenerlo congelado, siempre tendr\u00e1s a mano este delicioso embutido para a\u00f1adir sabor a tus platos o disfrutar como aperitivo.<\/li>\n<li><b>Versatilidad:<\/b> una vez descongelado se puede utilizar de diversas formas, como en guisos, arroces, sopas o incluso para hacer tapas y bocadillos.<\/li>\n<\/ol>\n<h4><strong><u>Desventajas de congelar embutido:<\/u><\/strong><\/h4>\n<ol>\n<li><b>Cambios en la textura:<\/b> al descongelar, se podr\u00eda perder parte de la jugosidad y volverse un poco m\u00e1s seco. Sin embargo, esto puede ser mitigado si la pieza est\u00e1 en un momento \u00f3ptimo de maduraci\u00f3n y se guarda correctamente.<\/li>\n<li><b>Ligeros cambios en el sabor: <\/b>algunas personas pueden notar sutiles cambios en el sabor despu\u00e9s de la congelaci\u00f3n, aunque en general, conservar\u00e1n su delicioso perfil gustativo.<\/li>\n<\/ol>\n<p><em>Recuerda que la calidad del embutido congelado depender\u00e1 de la forma en que lo hayas almacenado y de la calidad original del producto. Siempre es recomendable elegir piezas frescas de alta calidad antes de congelarlas.<\/em><\/p>\n<p><img loading=\"lazy\" decoding=\"async\" class=\"size-full wp-image-4987 aligncenter\" src=\"https:\/\/sanchezalcaraz.com\/wp-content\/uploads\/2023\/07\/salchicho\u0301n-ibe\u0301rico-Sanchez-Alcazar.jpg\" alt=\"salchicho\u0301n ibe\u0301rico Sanchez Alcazar\" width=\"900\" height=\"600\" srcset=\"https:\/\/sanchezalcaraz.com\/wp-content\/uploads\/2023\/07\/salchicho\u0301n-ibe\u0301rico-Sanchez-Alcazar.jpg 900w, https:\/\/sanchezalcaraz.com\/wp-content\/uploads\/2023\/07\/salchicho\u0301n-ibe\u0301rico-Sanchez-Alcazar-768x512.jpg 768w, https:\/\/sanchezalcaraz.com\/wp-content\/uploads\/2023\/07\/salchicho\u0301n-ibe\u0301rico-Sanchez-Alcazar-18x12.jpg 18w, https:\/\/sanchezalcaraz.com\/wp-content\/uploads\/2023\/07\/salchicho\u0301n-ibe\u0301rico-Sanchez-Alcazar-700x467.jpg 700w, https:\/\/sanchezalcaraz.com\/wp-content\/uploads\/2023\/07\/salchicho\u0301n-ibe\u0301rico-Sanchez-Alcazar-800x533.jpg 800w\" sizes=\"auto, (max-width: 900px) 100vw, 900px\" \/><\/p>\n<h2><strong>Recomendaciones de c\u00f3mo congelar los embutidos<\/strong><\/h2>\n<ul>\n<li><b>Chorizo: <\/b>envuelve la pieza individualmente en papel de aluminio o col\u00f3calo en una bolsa de congelaci\u00f3n resistente. Si es posible, opta por chorizo sellado al vac\u00edo, <a href=\"https:\/\/sanchezalcaraz.com\/en\/product-2\/chorizo-iberico-extra\/\" target=\"_blank\" rel=\"noopener\">entero<\/a> o <a href=\"https:\/\/sanchezalcaraz.com\/en\/product-2\/5-sobres-de-chorizo-iberico-extra-100g\/\" target=\"_blank\" rel=\"noopener\">loncheado<\/a>, ya que esto ayudar\u00e1 a mantener su frescura y sabor durante la congelaci\u00f3n.<\/li>\n<li><b>Salchich\u00f3n:<\/b> al igual que con el chorizo, envuelve cada pieza en papel de aluminio o utiliza bolsas de congelaci\u00f3n resistentes. Si tienes un salchich\u00f3n entero, puedes cortarlo en porciones m\u00e1s peque\u00f1as antes de congelarlo, pero lo mejor es congelarlo <a href=\"https:\/\/sanchezalcaraz.com\/en\/product-2\/salchichon-iberico-extra\/\" target=\"_blank\" rel=\"noopener\">entero<\/a> y\/o al <a href=\"https:\/\/sanchezalcaraz.com\/en\/product-2\/5-sobres-de-salchichon-iberico-extra-100g\/\" target=\"_blank\" rel=\"noopener\">vac\u00edo<\/a>.<\/li>\n<li><b>Lomo:<\/b> envuelve cada pieza en papel de aluminio o col\u00f3calo en bolsas de congelaci\u00f3n. Al igual que con los embutidos anteriores, si tienes un <a href=\"https:\/\/sanchezalcaraz.com\/en\/categorias\/cookie-policy-3\/\" target=\"_blank\" rel=\"noopener\">lomo entero<\/a>, puedes cortarlo en porciones m\u00e1s peque\u00f1as antes de congelarlo, y si lo tienes <a href=\"https:\/\/sanchezalcaraz.com\/en\/product-2\/5-sobres-de-lomo-de-cebo-iberico-50-raza-iberica-120g\/\" target=\"_blank\" rel=\"noopener\">en lonchas<\/a>, aseg\u00farate de que est\u00e9 bien cerrado.<\/li>\n<li><b>Jam\u00f3n serrano: <\/b>si tienes una <a href=\"https:\/\/sanchezalcaraz.com\/en\/categorias\/cookie-policy-2\/\" target=\"_blank\" rel=\"noopener\">pieza entera<\/a> de jam\u00f3n serrano, puedes cortarla en porciones m\u00e1s peque\u00f1as antes de congelarla. Es de suma importancia que est\u00e9 en un momento \u00f3ptimo de maduraci\u00f3n, ya que si est\u00e1 poco curado es posible que cristalice, y si est\u00e1 demasiado curado se quedar\u00e1 muy seco. Una vez m\u00e1s, si lo quieres congelar <a href=\"https:\/\/sanchezalcaraz.com\/en\/categoria\/loncheados\/\" target=\"_blank\" rel=\"noopener\">en lonchas<\/a>, lo m\u00e1s adecuado ser\u00eda hacerlo en un envase sellado al vac\u00edo.<\/li>\n<li><b>Jam\u00f3n ib\u00e9rico:<\/b> Al igual que el jam\u00f3n serrano, el jam\u00f3n ib\u00e9rico puede perder parte de su sabor y textura al congelarse. Si decides congelarlo, El proceso es el mismo.<\/li>\n<li>\u00a1Con nosotros, puedes pedir que te loncheemos una pieza entera! \u00a1As\u00ed la tendr\u00e1s envasada al vac\u00edo en c\u00f3modos sobres que podr\u00e1s ir sacando en funci\u00f3n de tus necesidades!<\/li>\n<\/ul>\n<p>Siguiendo estas recomendaciones, podr\u00e1s disfrutar de tus embutidos favoritos cuando quieras \u00a1Congela con confianza y saborea deliciosos embutidos en cualquier momento!<\/p>\n<p><img loading=\"lazy\" decoding=\"async\" class=\"size-full wp-image-4988 aligncenter\" src=\"https:\/\/sanchezalcaraz.com\/wp-content\/uploads\/2023\/07\/plato-productos-ibe\u0301ricos-sanchez-alcaraz.jpg\" alt=\"\" width=\"900\" height=\"600\" srcset=\"https:\/\/sanchezalcaraz.com\/wp-content\/uploads\/2023\/07\/plato-productos-ibe\u0301ricos-sanchez-alcaraz.jpg 900w, https:\/\/sanchezalcaraz.com\/wp-content\/uploads\/2023\/07\/plato-productos-ibe\u0301ricos-sanchez-alcaraz-768x512.jpg 768w, https:\/\/sanchezalcaraz.com\/wp-content\/uploads\/2023\/07\/plato-productos-ibe\u0301ricos-sanchez-alcaraz-18x12.jpg 18w, https:\/\/sanchezalcaraz.com\/wp-content\/uploads\/2023\/07\/plato-productos-ibe\u0301ricos-sanchez-alcaraz-700x467.jpg 700w, https:\/\/sanchezalcaraz.com\/wp-content\/uploads\/2023\/07\/plato-productos-ibe\u0301ricos-sanchez-alcaraz-800x533.jpg 800w\" sizes=\"auto, (max-width: 900px) 100vw, 900px\" \/><\/p>\n<h2><strong>La mejor forma para conservar embutidos en casa<\/strong><\/h2>\n<p>La mejor forma de conservar embutidos en casa es siguiendo estos consejos:<\/p>\n<ul>\n<li><b>Almacenamiento adecuado:<\/b> mant\u00e9n los embutidos en un lugar fresco y seco, como el refrigerador. Aseg\u00farate de que est\u00e9n bien envueltos en papel de aluminio, papel encerado o bolsas de pl\u00e1stico con cierre herm\u00e9tico para protegerlos del aire y la humedad.<\/li>\n<li><b>Temperatura \u00f3ptima:<\/b> la temperatura ideal para conservar embutidos es de aproximadamente 4-7 \u00b0C. Aseg\u00farate de que tu refrigerador est\u00e9 ajustado a esta temperatura para mantener la frescura y calidad de los embutidos.<\/li>\n<li><b>Tiempo de almacenamiento: <\/b>Los embutidos frescos como el chorizo, el salchich\u00f3n o el lomo pueden durar de 2 semanas en el refrigerador, siempre y cuando est\u00e9n adecuadamente envueltos. Por otro lado, los embutidos curados como el jam\u00f3n serrano o el jam\u00f3n ib\u00e9rico pueden durar varios meses, incluso m\u00e1s de un a\u00f1o, si se mantienen en condiciones \u00f3ptimas.<\/li>\n<li><b>Congelaci\u00f3n:<\/b> en t\u00e9rminos generales, si no se dispone de un congelador industrial, al menos deber\u00eda llegar a los -18\u00baC (y menos), en un congelador limpio. Procurar envasar piezas al vac\u00edo.<\/li>\n<li><b>Corte adecuado: <\/b>Si tienes un embutido entero, como un jam\u00f3n serrano o ib\u00e9rico, es recomendable cortarlo en porciones m\u00e1s peque\u00f1as antes de almacenarlo. Esto facilitar\u00e1 su conservaci\u00f3n y te permitir\u00e1 disfrutarlo gradualmente sin afectar la frescura de la pieza completa.<\/li>\n<li><b>Consumo regular:<\/b> Para mantener los embutidos en su mejor estado, es importante consumirlos con regularidad. Esto ayudar\u00e1 a evitar que se queden almacenados por demasiado tiempo y pierdan su calidad.<\/li>\n<li><b>Si no te va a dar tiempo, cong\u00e9lalo siguiendo nuestros consejos:<\/b> as\u00ed alargar\u00e1s su vida \u00fatil.<\/li>\n<\/ul>\n<p><strong><em>Recuerda siempre confiar en tus sentidos. Si un embutido presenta cambios de olor, textura o tiene una apariencia inusual, es mejor desecharlo para evitar problemas de salud.<\/em><\/strong><\/p>\n<p>Siguiendo estas recomendaciones, podr\u00e1s conservar tus embutidos en casa de manera \u00f3ptima, manteniendo su frescura y sabor durante el mayor tiempo posible. \u00a1Disfruta de tus embutidos favoritos con tranquilidad y del\u00e9itate con su sabor \u00fanico!<\/p>\n<p><img loading=\"lazy\" decoding=\"async\" class=\"size-full wp-image-4989 aligncenter\" src=\"https:\/\/sanchezalcaraz.com\/wp-content\/uploads\/2023\/07\/persona-abriendo-el-congelador.jpg\" alt=\"persona abriendo el congelador\" width=\"900\" height=\"600\" srcset=\"https:\/\/sanchezalcaraz.com\/wp-content\/uploads\/2023\/07\/persona-abriendo-el-congelador.jpg 900w, https:\/\/sanchezalcaraz.com\/wp-content\/uploads\/2023\/07\/persona-abriendo-el-congelador-768x512.jpg 768w, https:\/\/sanchezalcaraz.com\/wp-content\/uploads\/2023\/07\/persona-abriendo-el-congelador-18x12.jpg 18w, https:\/\/sanchezalcaraz.com\/wp-content\/uploads\/2023\/07\/persona-abriendo-el-congelador-700x467.jpg 700w, https:\/\/sanchezalcaraz.com\/wp-content\/uploads\/2023\/07\/persona-abriendo-el-congelador-800x533.jpg 800w\" sizes=\"auto, (max-width: 900px) 100vw, 900px\" \/><\/p>\n<h2><strong>\u00bfD\u00f3nde comprar los mejores embutidos online?<\/strong><\/h2>\n<p>Como ya hemos dicho, es fundamental la calidad del producto que queramos congelar por lo que lo m\u00e1s recomendable es ponernos en manos de marcas de confianza.<\/p>\n<p>En nuestra\u00a0<a href=\"https:\/\/sanchezalcaraz.com\/en\/online-shop\/\" target=\"_blank\" rel=\"noopener\">tienda online<\/a> encontrar\u00e1s una selecci\u00f3n de embutido de primera. Ya sean jamones ib\u00e9ricos de bellota, lomo ib\u00e9rico jugoso o embutidos como salchich\u00f3n y chorizo, cada producto es resultado de nuestra dedicaci\u00f3n y pasi\u00f3n por la calidad. Nos enorgullece ofrecerte una experiencia culinaria \u00fanica, donde la frescura y la excelencia se unen para cautivar a los paladares m\u00e1s exigentes.<\/p>\n<p><script type='application\/ld+json'> \n{\n  \"@context\": \"http:\/\/www.schema.org\",\n  \"@type\": \"NewsArticle\",\n  \"headline\": \"C\u00f3mo congelar embutidos, cu\u00e1nto tiempo y recomendaciones.\",\n  \"description\": \"Si alguna vez te ha surgido la duda de si se puede congelar el embutido, cuanto tiempo o en que circustancias, en esta entrada te lo contamos\",\n  \"image\": [\n    \"https:\/\/sanchezalcaraz.com\/wp-content\/uploads\/2023\/07\/que-alimentos-se-pueden-congelar.jpg\",\n    \"https:\/\/sanchezalcaraz.com\/wp-content\/uploads\/2023\/07\/estrellas.jpg\",\n    \"https:\/\/sanchezalcaraz.com\/wp-content\/uploads\/2023\/07\/salchicho\u0301n-ibe\u0301rico-Sanchez-Alcazar.jpg\",\n    \"https:\/\/sanchezalcaraz.com\/wp-content\/uploads\/2023\/07\/plato-productos-ibe\u0301ricos-sanchez-alcaraz.jpg\",\n    \"https:\/\/sanchezalcaraz.com\/wp-content\/uploads\/2023\/07\/persona-abriendo-el-congelador.jpg\"\n       ],\n    \"datePublished\": \"2023-07-27 08:00:00+08:00 GMT+0100\",\n    \"dateModified\": \"2023-07-27 08:00:00+08:00 GMT+0100\"\n  \"author\": [{\n    \"@type\": \"Organization\", \n    \"name\": \"S\u00e1nchez Alcaraz\",\n    \"url\": \"https:\/\/sanchezalcaraz.com\/bell-espana-alimentacion\/\" \n  }]\n}\n <\/script><\/p>","protected":false},"excerpt":{"rendered":"<p>Si alguna vez te ha surgido la duda de si se puede congelar el embutido, cuanto tiempo o en que circustancias, en esta entrada te lo contamos<\/p>","protected":false},"author":1147,"featured_media":4985,"comment_status":"open","ping_status":"open","sticky":false,"template":"","format":"standard","meta":{"footnotes":""},"categories":[1],"tags":[],"class_list":["post-4984","post","type-post","status-publish","format-standard","has-post-thumbnail","hentry","category-noticias-blog"],"yoast_head":"<!-- This site is optimized with the Yoast SEO plugin v24.3 - https:\/\/yoast.com\/wordpress\/plugins\/seo\/ -->\n<title>C\u00f3mo congelar embutidos, cu\u00e1nto tiempo y recomendaciones.<\/title>\n<meta name=\"description\" content=\"Si alguna vez te ha surgido la duda de si se puede congelar el embutido, cuanto tiempo o en que circustancias, en esta entrada te lo contamos\" \/>\n<meta name=\"robots\" content=\"index, follow, max-snippet:-1, max-image-preview:large, max-video-preview:-1\" \/>\n<link rel=\"canonical\" href=\"https:\/\/sanchezalcaraz.com\/en\/congelar-embutidos-que-necesitas-saber-para-conservar-charcuteria\/\" \/>\n<meta property=\"og:locale\" content=\"en_GB\" \/>\n<meta property=\"og:type\" content=\"article\" \/>\n<meta property=\"og:title\" content=\"C\u00f3mo congelar embutidos, cu\u00e1nto tiempo y recomendaciones.\" \/>\n<meta property=\"og:description\" content=\"Si alguna vez te ha surgido la duda de si se puede congelar el embutido, cuanto tiempo o en que circustancias, en esta entrada te lo contamos\" \/>\n<meta property=\"og:url\" content=\"https:\/\/sanchezalcaraz.com\/en\/congelar-embutidos-que-necesitas-saber-para-conservar-charcuteria\/\" \/>\n<meta property=\"og:site_name\" content=\"Sanchez Alcaraz\" \/>\n<meta property=\"article:publisher\" content=\"https:\/\/www.facebook.com\/SanchezAlcarazJamones\/\" \/>\n<meta property=\"article:published_time\" content=\"2023-07-27T05:50:10+00:00\" \/>\n<meta property=\"article:modified_time\" content=\"2023-08-29T11:19:38+00:00\" \/>\n<meta property=\"og:image\" content=\"https:\/\/sanchezalcaraz.com\/wp-content\/uploads\/2023\/07\/que-alimentos-se-pueden-congelar.jpg\" \/>\n\t<meta property=\"og:image:width\" content=\"900\" \/>\n\t<meta property=\"og:image:height\" content=\"600\" \/>\n\t<meta property=\"og:image:type\" content=\"image\/jpeg\" \/>\n<meta name=\"author\" content=\"S.Alcaraz\" \/>\n<meta name=\"twitter:card\" content=\"summary_large_image\" \/>\n<meta name=\"twitter:creator\" content=\"@sanchezalcaraz_\" \/>\n<meta name=\"twitter:site\" content=\"@sanchezalcaraz_\" \/>\n<meta name=\"twitter:label1\" content=\"Written by\" \/>\n\t<meta name=\"twitter:data1\" content=\"S.Alcaraz\" \/>\n\t<meta name=\"twitter:label2\" content=\"Estimated reading time\" \/>\n\t<meta name=\"twitter:data2\" content=\"8 minutes\" \/>\n<script type=\"application\/ld+json\" class=\"yoast-schema-graph\">{\"@context\":\"https:\/\/schema.org\",\"@graph\":[{\"@type\":\"Article\",\"@id\":\"https:\/\/sanchezalcaraz.com\/congelar-embutidos-que-necesitas-saber-para-conservar-charcuteria\/#article\",\"isPartOf\":{\"@id\":\"https:\/\/sanchezalcaraz.com\/congelar-embutidos-que-necesitas-saber-para-conservar-charcuteria\/\"},\"author\":{\"name\":\"S.Alcaraz\",\"@id\":\"https:\/\/sanchezalcaraz.com\/#\/schema\/person\/8197b3ff64573739eca422349e789ddd\"},\"headline\":\"Congelar embutidos: todo lo que necesitas saber para conservar tu charcuter\u00eda\",\"datePublished\":\"2023-07-27T05:50:10+00:00\",\"dateModified\":\"2023-08-29T11:19:38+00:00\",\"mainEntityOfPage\":{\"@id\":\"https:\/\/sanchezalcaraz.com\/congelar-embutidos-que-necesitas-saber-para-conservar-charcuteria\/\"},\"wordCount\":1421,\"commentCount\":4,\"publisher\":{\"@id\":\"https:\/\/sanchezalcaraz.com\/#organization\"},\"image\":{\"@id\":\"https:\/\/sanchezalcaraz.com\/congelar-embutidos-que-necesitas-saber-para-conservar-charcuteria\/#primaryimage\"},\"thumbnailUrl\":\"https:\/\/sanchezalcaraz.com\/wp-content\/uploads\/2023\/07\/que-alimentos-se-pueden-congelar.jpg\",\"articleSection\":[\"Blog\"],\"inLanguage\":\"en-GB\",\"potentialAction\":[{\"@type\":\"CommentAction\",\"name\":\"Comment\",\"target\":[\"https:\/\/sanchezalcaraz.com\/congelar-embutidos-que-necesitas-saber-para-conservar-charcuteria\/#respond\"]}]},{\"@type\":\"WebPage\",\"@id\":\"https:\/\/sanchezalcaraz.com\/congelar-embutidos-que-necesitas-saber-para-conservar-charcuteria\/\",\"url\":\"https:\/\/sanchezalcaraz.com\/congelar-embutidos-que-necesitas-saber-para-conservar-charcuteria\/\",\"name\":\"C\u00f3mo congelar embutidos, cu\u00e1nto tiempo y recomendaciones.\",\"isPartOf\":{\"@id\":\"https:\/\/sanchezalcaraz.com\/#website\"},\"primaryImageOfPage\":{\"@id\":\"https:\/\/sanchezalcaraz.com\/congelar-embutidos-que-necesitas-saber-para-conservar-charcuteria\/#primaryimage\"},\"image\":{\"@id\":\"https:\/\/sanchezalcaraz.com\/congelar-embutidos-que-necesitas-saber-para-conservar-charcuteria\/#primaryimage\"},\"thumbnailUrl\":\"https:\/\/sanchezalcaraz.com\/wp-content\/uploads\/2023\/07\/que-alimentos-se-pueden-congelar.jpg\",\"datePublished\":\"2023-07-27T05:50:10+00:00\",\"dateModified\":\"2023-08-29T11:19:38+00:00\",\"description\":\"Si alguna vez te ha surgido la duda de si se puede congelar el embutido, cuanto tiempo o en que circustancias, en esta entrada te lo contamos\",\"breadcrumb\":{\"@id\":\"https:\/\/sanchezalcaraz.com\/congelar-embutidos-que-necesitas-saber-para-conservar-charcuteria\/#breadcrumb\"},\"inLanguage\":\"en-GB\",\"potentialAction\":[{\"@type\":\"ReadAction\",\"target\":[\"https:\/\/sanchezalcaraz.com\/congelar-embutidos-que-necesitas-saber-para-conservar-charcuteria\/\"]}]},{\"@type\":\"ImageObject\",\"inLanguage\":\"en-GB\",\"@id\":\"https:\/\/sanchezalcaraz.com\/congelar-embutidos-que-necesitas-saber-para-conservar-charcuteria\/#primaryimage\",\"url\":\"https:\/\/sanchezalcaraz.com\/wp-content\/uploads\/2023\/07\/que-alimentos-se-pueden-congelar.jpg\",\"contentUrl\":\"https:\/\/sanchezalcaraz.com\/wp-content\/uploads\/2023\/07\/que-alimentos-se-pueden-congelar.jpg\",\"width\":900,\"height\":600,\"caption\":\"que alimentos se pueden congelar\"},{\"@type\":\"BreadcrumbList\",\"@id\":\"https:\/\/sanchezalcaraz.com\/congelar-embutidos-que-necesitas-saber-para-conservar-charcuteria\/#breadcrumb\",\"itemListElement\":[{\"@type\":\"ListItem\",\"position\":1,\"name\":\"Portada\",\"item\":\"https:\/\/sanchezalcaraz.com\/\"},{\"@type\":\"ListItem\",\"position\":2,\"name\":\"Congelar embutidos: todo lo que necesitas saber para conservar tu charcuter\u00eda\"}]},{\"@type\":\"WebSite\",\"@id\":\"https:\/\/sanchezalcaraz.com\/#website\",\"url\":\"https:\/\/sanchezalcaraz.com\/\",\"name\":\"Sanchez Alcaraz\",\"description\":\"\",\"publisher\":{\"@id\":\"https:\/\/sanchezalcaraz.com\/#organization\"},\"potentialAction\":[{\"@type\":\"SearchAction\",\"target\":{\"@type\":\"EntryPoint\",\"urlTemplate\":\"https:\/\/sanchezalcaraz.com\/?s={search_term_string}\"},\"query-input\":{\"@type\":\"PropertyValueSpecification\",\"valueRequired\":true,\"valueName\":\"search_term_string\"}}],\"inLanguage\":\"en-GB\"},{\"@type\":\"Organization\",\"@id\":\"https:\/\/sanchezalcaraz.com\/#organization\",\"name\":\"S\u00e1nchez Alcaraz\",\"url\":\"https:\/\/sanchezalcaraz.com\/\",\"logo\":{\"@type\":\"ImageObject\",\"inLanguage\":\"en-GB\",\"@id\":\"https:\/\/sanchezalcaraz.com\/#\/schema\/logo\/image\/\",\"url\":\"https:\/\/sanchezalcaraz.com\/wp-content\/uploads\/2023\/04\/cabecera-sanchez-alcaraz-logo-nuevo.jpg\",\"contentUrl\":\"https:\/\/sanchezalcaraz.com\/wp-content\/uploads\/2023\/04\/cabecera-sanchez-alcaraz-logo-nuevo.jpg\",\"width\":900,\"height\":600,\"caption\":\"S\u00e1nchez Alcaraz\"},\"image\":{\"@id\":\"https:\/\/sanchezalcaraz.com\/#\/schema\/logo\/image\/\"},\"sameAs\":[\"https:\/\/www.facebook.com\/SanchezAlcarazJamones\/\",\"https:\/\/x.com\/sanchezalcaraz_\",\"https:\/\/www.instagram.com\/sanchez_alcaraz\/\"]},{\"@type\":\"Person\",\"@id\":\"https:\/\/sanchezalcaraz.com\/#\/schema\/person\/8197b3ff64573739eca422349e789ddd\",\"name\":\"S.Alcaraz\"}]}<\/script>\n<!-- \/ Yoast SEO plugin. -->","yoast_head_json":{"title":"C\u00f3mo congelar embutidos, cu\u00e1nto tiempo y recomendaciones.","description":"Si alguna vez te ha surgido la duda de si se puede congelar el embutido, cuanto tiempo o en que circustancias, en esta entrada te lo contamos","robots":{"index":"index","follow":"follow","max-snippet":"max-snippet:-1","max-image-preview":"max-image-preview:large","max-video-preview":"max-video-preview:-1"},"canonical":"https:\/\/sanchezalcaraz.com\/en\/congelar-embutidos-que-necesitas-saber-para-conservar-charcuteria\/","og_locale":"en_GB","og_type":"article","og_title":"C\u00f3mo congelar embutidos, cu\u00e1nto tiempo y recomendaciones.","og_description":"Si alguna vez te ha surgido la duda de si se puede congelar el embutido, cuanto tiempo o en que circustancias, en esta entrada te lo contamos","og_url":"https:\/\/sanchezalcaraz.com\/en\/congelar-embutidos-que-necesitas-saber-para-conservar-charcuteria\/","og_site_name":"Sanchez Alcaraz","article_publisher":"https:\/\/www.facebook.com\/SanchezAlcarazJamones\/","article_published_time":"2023-07-27T05:50:10+00:00","article_modified_time":"2023-08-29T11:19:38+00:00","og_image":[{"width":900,"height":600,"url":"https:\/\/sanchezalcaraz.com\/wp-content\/uploads\/2023\/07\/que-alimentos-se-pueden-congelar.jpg","type":"image\/jpeg"}],"author":"S.Alcaraz","twitter_card":"summary_large_image","twitter_creator":"@sanchezalcaraz_","twitter_site":"@sanchezalcaraz_","twitter_misc":{"Written by":"S.Alcaraz","Estimated reading time":"8 minutes"},"schema":{"@context":"https:\/\/schema.org","@graph":[{"@type":"Article","@id":"https:\/\/sanchezalcaraz.com\/congelar-embutidos-que-necesitas-saber-para-conservar-charcuteria\/#article","isPartOf":{"@id":"https:\/\/sanchezalcaraz.com\/congelar-embutidos-que-necesitas-saber-para-conservar-charcuteria\/"},"author":{"name":"S.Alcaraz","@id":"https:\/\/sanchezalcaraz.com\/#\/schema\/person\/8197b3ff64573739eca422349e789ddd"},"headline":"Congelar embutidos: todo lo que necesitas saber para conservar tu charcuter\u00eda","datePublished":"2023-07-27T05:50:10+00:00","dateModified":"2023-08-29T11:19:38+00:00","mainEntityOfPage":{"@id":"https:\/\/sanchezalcaraz.com\/congelar-embutidos-que-necesitas-saber-para-conservar-charcuteria\/"},"wordCount":1421,"commentCount":4,"publisher":{"@id":"https:\/\/sanchezalcaraz.com\/#organization"},"image":{"@id":"https:\/\/sanchezalcaraz.com\/congelar-embutidos-que-necesitas-saber-para-conservar-charcuteria\/#primaryimage"},"thumbnailUrl":"https:\/\/sanchezalcaraz.com\/wp-content\/uploads\/2023\/07\/que-alimentos-se-pueden-congelar.jpg","articleSection":["Blog"],"inLanguage":"en-GB","potentialAction":[{"@type":"CommentAction","name":"Comment","target":["https:\/\/sanchezalcaraz.com\/congelar-embutidos-que-necesitas-saber-para-conservar-charcuteria\/#respond"]}]},{"@type":"WebPage","@id":"https:\/\/sanchezalcaraz.com\/congelar-embutidos-que-necesitas-saber-para-conservar-charcuteria\/","url":"https:\/\/sanchezalcaraz.com\/congelar-embutidos-que-necesitas-saber-para-conservar-charcuteria\/","name":"C\u00f3mo congelar embutidos, cu\u00e1nto tiempo y recomendaciones.","isPartOf":{"@id":"https:\/\/sanchezalcaraz.com\/#website"},"primaryImageOfPage":{"@id":"https:\/\/sanchezalcaraz.com\/congelar-embutidos-que-necesitas-saber-para-conservar-charcuteria\/#primaryimage"},"image":{"@id":"https:\/\/sanchezalcaraz.com\/congelar-embutidos-que-necesitas-saber-para-conservar-charcuteria\/#primaryimage"},"thumbnailUrl":"https:\/\/sanchezalcaraz.com\/wp-content\/uploads\/2023\/07\/que-alimentos-se-pueden-congelar.jpg","datePublished":"2023-07-27T05:50:10+00:00","dateModified":"2023-08-29T11:19:38+00:00","description":"Si alguna vez te ha surgido la duda de si se puede congelar el embutido, cuanto tiempo o en que circustancias, en esta entrada te lo contamos","breadcrumb":{"@id":"https:\/\/sanchezalcaraz.com\/congelar-embutidos-que-necesitas-saber-para-conservar-charcuteria\/#breadcrumb"},"inLanguage":"en-GB","potentialAction":[{"@type":"ReadAction","target":["https:\/\/sanchezalcaraz.com\/congelar-embutidos-que-necesitas-saber-para-conservar-charcuteria\/"]}]},{"@type":"ImageObject","inLanguage":"en-GB","@id":"https:\/\/sanchezalcaraz.com\/congelar-embutidos-que-necesitas-saber-para-conservar-charcuteria\/#primaryimage","url":"https:\/\/sanchezalcaraz.com\/wp-content\/uploads\/2023\/07\/que-alimentos-se-pueden-congelar.jpg","contentUrl":"https:\/\/sanchezalcaraz.com\/wp-content\/uploads\/2023\/07\/que-alimentos-se-pueden-congelar.jpg","width":900,"height":600,"caption":"que alimentos se pueden congelar"},{"@type":"BreadcrumbList","@id":"https:\/\/sanchezalcaraz.com\/congelar-embutidos-que-necesitas-saber-para-conservar-charcuteria\/#breadcrumb","itemListElement":[{"@type":"ListItem","position":1,"name":"Portada","item":"https:\/\/sanchezalcaraz.com\/"},{"@type":"ListItem","position":2,"name":"Congelar embutidos: todo lo que necesitas saber para conservar tu charcuter\u00eda"}]},{"@type":"WebSite","@id":"https:\/\/sanchezalcaraz.com\/#website","url":"https:\/\/sanchezalcaraz.com\/","name":"Sanchez Alcaraz","description":"","publisher":{"@id":"https:\/\/sanchezalcaraz.com\/#organization"},"potentialAction":[{"@type":"SearchAction","target":{"@type":"EntryPoint","urlTemplate":"https:\/\/sanchezalcaraz.com\/?s={search_term_string}"},"query-input":{"@type":"PropertyValueSpecification","valueRequired":true,"valueName":"search_term_string"}}],"inLanguage":"en-GB"},{"@type":"Organization","@id":"https:\/\/sanchezalcaraz.com\/#organization","name":"S\u00e1nchez Alcaraz","url":"https:\/\/sanchezalcaraz.com\/","logo":{"@type":"ImageObject","inLanguage":"en-GB","@id":"https:\/\/sanchezalcaraz.com\/#\/schema\/logo\/image\/","url":"https:\/\/sanchezalcaraz.com\/wp-content\/uploads\/2023\/04\/cabecera-sanchez-alcaraz-logo-nuevo.jpg","contentUrl":"https:\/\/sanchezalcaraz.com\/wp-content\/uploads\/2023\/04\/cabecera-sanchez-alcaraz-logo-nuevo.jpg","width":900,"height":600,"caption":"S\u00e1nchez Alcaraz"},"image":{"@id":"https:\/\/sanchezalcaraz.com\/#\/schema\/logo\/image\/"},"sameAs":["https:\/\/www.facebook.com\/SanchezAlcarazJamones\/","https:\/\/x.com\/sanchezalcaraz_","https:\/\/www.instagram.com\/sanchez_alcaraz\/"]},{"@type":"Person","@id":"https:\/\/sanchezalcaraz.com\/#\/schema\/person\/8197b3ff64573739eca422349e789ddd","name":"S.Alcaraz"}]}},"_links":{"self":[{"href":"https:\/\/sanchezalcaraz.com\/en\/wp-json\/wp\/v2\/posts\/4984","targetHints":{"allow":["GET"]}}],"collection":[{"href":"https:\/\/sanchezalcaraz.com\/en\/wp-json\/wp\/v2\/posts"}],"about":[{"href":"https:\/\/sanchezalcaraz.com\/en\/wp-json\/wp\/v2\/types\/post"}],"author":[{"embeddable":true,"href":"https:\/\/sanchezalcaraz.com\/en\/wp-json\/wp\/v2\/users\/1147"}],"replies":[{"embeddable":true,"href":"https:\/\/sanchezalcaraz.com\/en\/wp-json\/wp\/v2\/comments?post=4984"}],"version-history":[{"count":0,"href":"https:\/\/sanchezalcaraz.com\/en\/wp-json\/wp\/v2\/posts\/4984\/revisions"}],"wp:featuredmedia":[{"embeddable":true,"href":"https:\/\/sanchezalcaraz.com\/en\/wp-json\/wp\/v2\/media\/4985"}],"wp:attachment":[{"href":"https:\/\/sanchezalcaraz.com\/en\/wp-json\/wp\/v2\/media?parent=4984"}],"wp:term":[{"taxonomy":"category","embeddable":true,"href":"https:\/\/sanchezalcaraz.com\/en\/wp-json\/wp\/v2\/categories?post=4984"},{"taxonomy":"post_tag","embeddable":true,"href":"https:\/\/sanchezalcaraz.com\/en\/wp-json\/wp\/v2\/tags?post=4984"}],"curies":[{"name":"wp","href":"https:\/\/api.w.org\/{rel}","templated":true}]}}